{"id":39229,"date":"2024-12-20T16:08:52","date_gmt":"2024-12-20T16:08:52","guid":{"rendered":"https:\/\/radiojehona.com\/?p=39229"},"modified":"2024-12-20T16:08:52","modified_gmt":"2024-12-20T16:08:52","slug":"kallezim-penal-ndaj-policit-qe-nuk-e-ndaloi-grubin-ne-kufi","status":"publish","type":"post","link":"https:\/\/radiojehona.mk\/?p=39229","title":{"rendered":"Kall\u00ebzim penal ndaj policit q\u00eb nuk e ndaloi Grubin n\u00eb kufi"},"content":{"rendered":"\n<figure class=\"wp-block-image size-large\"><img fetchpriority=\"high\" decoding=\"async\" width=\"1024\" height=\"616\" src=\"https:\/\/radiojehona.com\/wp-content\/uploads\/2024\/12\/IMG_9995-1024x616.jpeg\" alt=\"\" class=\"wp-image-39230\" srcset=\"https:\/\/radiojehona.mk\/wp-content\/uploads\/2024\/12\/IMG_9995-1024x616.jpeg 1024w, https:\/\/radiojehona.mk\/wp-content\/uploads\/2024\/12\/IMG_9995-300x181.jpeg 300w, https:\/\/radiojehona.mk\/wp-content\/uploads\/2024\/12\/IMG_9995-768x462.jpeg 768w, https:\/\/radiojehona.mk\/wp-content\/uploads\/2024\/12\/IMG_9995.jpeg 1125w\" sizes=\"(max-width: 1024px) 100vw, 1024px\" \/><\/figure>\n\n\n\n<p><strong>Sektori p\u00ebr Pun\u00eb t\u00eb Brendshme ka dor\u00ebzuar kall\u00ebzim penal kund\u00ebr zyrtarit policor me inicialet B.J. p\u00ebr kryerjen e vepr\u00ebs penale \u201cKeqp\u00ebrdorim t\u00eb detyr\u00ebs zyrtare\u201d, pasi e ka l\u00ebshuar Artan Grubin ta kaloj\u00eb kufirin edhe pse p\u00ebr t\u00eb nj\u00ebjtin ka pasur telegram me mas\u00eb aktive \u201cmbaje dhe menj\u00ebher\u00eb njofto\u201d p\u00ebrcjell Gazeta Express nga Alsat.&nbsp;<\/strong><\/p>\n\n\n\n<p>Grubi, sipas njoftimit t\u00eb policis\u00eb ka qen\u00eb bashk\u00ebudh\u00ebtar n\u00eb vetur\u00ebn me targa diplomatike, t\u00eb cilin e ka drejtuar konsulli i nderit t\u00eb Kosov\u00ebs n\u00eb Maqedoni, Arsim Papraniku.<\/p>\n\n\n\n<p>Polici, si\u00e7 thon\u00eb nga MPB, nuk ka kryer verifikime p\u00ebrkat\u00ebse p\u00ebr vetur\u00ebn gjat\u00eb kalimit t\u00eb kufirit t\u00eb shtetit, nuk e ka evidentuar daljen, nd\u00ebrkaq udh\u00ebtar\u00ebt i ka evidentuar sikur n\u00eb k\u00ebmb\u00eb e kan\u00eb kaluar kufirin.&nbsp;<\/p>\n\n\n\n<p>Gjithashtu, gjat\u00eb verifikimit kufitare, nuk ka pritur q\u00eb sistemi t\u00eb konstatoj\u00eb n\u00ebse personat kan\u00eb masa aktive, por menj\u00ebher\u00eb ua ka dh\u00ebn\u00eb dokumentet e udh\u00ebtimit, pas \u00e7ka ata e kan\u00eb l\u00ebshuar pik\u00ebn kufitare. P\u00ebr policin \u00ebsht\u00eb hapur procedur\u00eb disiplinore, nd\u00ebrkaq deri n\u00eb mbarimin e saj \u00ebsht\u00eb pezulluar nga puna. \/<strong>Alsat.mk<\/strong><\/p>\n","protected":false},"excerpt":{"rendered":"<p>Sektori p&euml;r Pun&euml; t&euml; Brendshme ka dor&euml;zuar kall&euml;zim penal kund&euml;r zyrtarit policor me inicialet B.J. p&euml;r kryerjen e vepr&euml;s penale &ldquo;Keqp&euml;rdorim t&euml; detyr&euml;s zyrtare&rdquo;, pasi e ka l&euml;shuar Artan Grubin ta kaloj&euml; kufirin edhe pse p&euml;r t&euml; nj&euml;jtin ka pasur telegram me mas&euml; aktive &ldquo;mbaje dhe menj&euml;her&euml; njofto&rdquo; p&euml;rcjell Gazeta Express nga Alsat.&nbsp; Grubi, sipas [&hellip;]<\/p>\n","protected":false},"author":2,"featured_media":39230,"comment_status":"open","ping_status":"closed","sticky":false,"template":"","format":"standard","meta":{"_monsterinsights_skip_tracking":false,"_monsterinsights_sitenote_active":false,"_monsterinsights_sitenote_note":"","_monsterinsights_sitenote_category":0,"footnotes":""},"categories":[1],"tags":[],"class_list":["post-39229","post","type-post","status-publish","format-standard","has-post-thumbnail","hentry","category-vendi"],"_links":{"self":[{"href":"https:\/\/radiojehona.mk\/index.php?rest_route=\/wp\/v2\/posts\/39229","targetHints":{"allow":["GET"]}}],"collection":[{"href":"https:\/\/radiojehona.mk\/index.php?rest_route=\/wp\/v2\/posts"}],"about":[{"href":"https:\/\/radiojehona.mk\/index.php?rest_route=\/wp\/v2\/types\/post"}],"author":[{"embeddable":true,"href":"https:\/\/radiojehona.mk\/index.php?rest_route=\/wp\/v2\/users\/2"}],"replies":[{"embeddable":true,"href":"https:\/\/radiojehona.mk\/index.php?rest_route=%2Fwp%2Fv2%2Fcomments&post=39229"}],"version-history":[{"count":2,"href":"https:\/\/radiojehona.mk\/index.php?rest_route=\/wp\/v2\/posts\/39229\/revisions"}],"predecessor-version":[{"id":39232,"href":"https:\/\/radiojehona.mk\/index.php?rest_route=\/wp\/v2\/posts\/39229\/revisions\/39232"}],"wp:featuredmedia":[{"embeddable":true,"href":"https:\/\/radiojehona.mk\/index.php?rest_route=\/wp\/v2\/media\/39230"}],"wp:attachment":[{"href":"https:\/\/radiojehona.mk\/index.php?rest_route=%2Fwp%2Fv2%2Fmedia&parent=39229"}],"wp:term":[{"taxonomy":"category","embeddable":true,"href":"https:\/\/radiojehona.mk\/index.php?rest_route=%2Fwp%2Fv2%2Fcategories&post=39229"},{"taxonomy":"post_tag","embeddable":true,"href":"https:\/\/radiojehona.mk\/index.php?rest_route=%2Fwp%2Fv2%2Ftags&post=39229"}],"curies":[{"name":"wp","href":"https:\/\/api.w.org\/{rel}","templated":true}]}}