{"id":39226,"date":"2024-12-20T16:05:19","date_gmt":"2024-12-20T16:05:19","guid":{"rendered":"https:\/\/radiojehona.com\/?p=39226"},"modified":"2024-12-20T16:05:20","modified_gmt":"2024-12-20T16:05:20","slug":"ambasada-e-shqiperise-ne-kiev-sulmohet-nga-ushtria-ruse","status":"publish","type":"post","link":"https:\/\/radiojehona.mk\/?p=39226","title":{"rendered":"Ambasada e Shqip\u00ebris\u00eb n\u00eb Kiev sulmohet nga ushtria ruse"},"content":{"rendered":"\n<figure class=\"wp-block-image size-large\"><img fetchpriority=\"high\" decoding=\"async\" width=\"1024\" height=\"639\" src=\"https:\/\/radiojehona.com\/wp-content\/uploads\/2024\/12\/IMG_9994-1024x639.jpeg\" alt=\"\" class=\"wp-image-39227\" srcset=\"https:\/\/radiojehona.mk\/wp-content\/uploads\/2024\/12\/IMG_9994-1024x639.jpeg 1024w, https:\/\/radiojehona.mk\/wp-content\/uploads\/2024\/12\/IMG_9994-300x187.jpeg 300w, https:\/\/radiojehona.mk\/wp-content\/uploads\/2024\/12\/IMG_9994-768x479.jpeg 768w, https:\/\/radiojehona.mk\/wp-content\/uploads\/2024\/12\/IMG_9994.jpeg 1125w\" sizes=\"(max-width: 1024px) 100vw, 1024px\" \/><\/figure>\n\n\n\n<p>Ambasada e Republik\u00ebs s\u00eb Shqip\u00ebris\u00eb n\u00eb Kiev \u00ebsht\u00eb d\u00ebmtuar nga sulmet ajrore ruse t\u00eb premten.<\/p>\n\n\n\n<p>P\u00ebrmes nj\u00eb njoftimi p\u00ebr mediat, b\u00ebhet e ditur se \u00ebsht\u00eb d\u00ebmtuar pjes\u00ebrisht fasada e jashtme dhe disa hap\u00ebsira brenda godin\u00ebs s\u00eb Ambasad\u00ebs, duke v\u00ebn\u00eb n\u00eb rrezik jet\u00ebn e personelit, transmeton Klankosova.tv.<\/p>\n\n\n\n<p>Ministria p\u00ebr Evrop\u00ebn dhe Pun\u00ebt e Jashtme ka d\u00ebnuar k\u00ebto sulme, t\u00eb cilat i ka quajtur brutale, shkruan A2 CNN.<\/p>\n\n\n\n<p>Sulmi vjen n\u00eb nj\u00eb dit\u00eb kur n\u00eb Prishtin\u00eb po zhvillohet nj\u00eb mbledhje mes deputet\u00ebve t\u00eb Kuvendit t\u00eb Shqip\u00ebris\u00eb dhe atyre t\u00eb Kuvendit t\u00eb Kosov\u00ebs, por nuk dihet n\u00ebse ka lidhje me k\u00ebt\u00eb zhvillim.<\/p>\n","protected":false},"excerpt":{"rendered":"<p>Ambasada e Republik&euml;s s&euml; Shqip&euml;ris&euml; n&euml; Kiev &euml;sht&euml; d&euml;mtuar nga sulmet ajrore ruse t&euml; premten. P&euml;rmes nj&euml; njoftimi p&euml;r mediat, b&euml;het e ditur se &euml;sht&euml; d&euml;mtuar pjes&euml;risht fasada e jashtme dhe disa hap&euml;sira brenda godin&euml;s s&euml; Ambasad&euml;s, duke v&euml;n&euml; n&euml; rrezik jet&euml;n e personelit, transmeton Klankosova.tv. Ministria p&euml;r Evrop&euml;n dhe Pun&euml;t e Jashtme ka d&euml;nuar [&hellip;]<\/p>\n","protected":false},"author":2,"featured_media":39227,"comment_status":"open","ping_status":"closed","sticky":false,"template":"","format":"standard","meta":{"_monsterinsights_skip_tracking":false,"_monsterinsights_sitenote_active":false,"_monsterinsights_sitenote_note":"","_monsterinsights_sitenote_category":0,"footnotes":""},"categories":[576],"tags":[],"class_list":["post-39226","post","type-post","status-publish","format-standard","has-post-thumbnail","hentry","category-rajoni"],"_links":{"self":[{"href":"https:\/\/radiojehona.mk\/index.php?rest_route=\/wp\/v2\/posts\/39226","targetHints":{"allow":["GET"]}}],"collection":[{"href":"https:\/\/radiojehona.mk\/index.php?rest_route=\/wp\/v2\/posts"}],"about":[{"href":"https:\/\/radiojehona.mk\/index.php?rest_route=\/wp\/v2\/types\/post"}],"author":[{"embeddable":true,"href":"https:\/\/radiojehona.mk\/index.php?rest_route=\/wp\/v2\/users\/2"}],"replies":[{"embeddable":true,"href":"https:\/\/radiojehona.mk\/index.php?rest_route=%2Fwp%2Fv2%2Fcomments&post=39226"}],"version-history":[{"count":1,"href":"https:\/\/radiojehona.mk\/index.php?rest_route=\/wp\/v2\/posts\/39226\/revisions"}],"predecessor-version":[{"id":39228,"href":"https:\/\/radiojehona.mk\/index.php?rest_route=\/wp\/v2\/posts\/39226\/revisions\/39228"}],"wp:featuredmedia":[{"embeddable":true,"href":"https:\/\/radiojehona.mk\/index.php?rest_route=\/wp\/v2\/media\/39227"}],"wp:attachment":[{"href":"https:\/\/radiojehona.mk\/index.php?rest_route=%2Fwp%2Fv2%2Fmedia&parent=39226"}],"wp:term":[{"taxonomy":"category","embeddable":true,"href":"https:\/\/radiojehona.mk\/index.php?rest_route=%2Fwp%2Fv2%2Fcategories&post=39226"},{"taxonomy":"post_tag","embeddable":true,"href":"https:\/\/radiojehona.mk\/index.php?rest_route=%2Fwp%2Fv2%2Ftags&post=39226"}],"curies":[{"name":"wp","href":"https:\/\/api.w.org\/{rel}","templated":true}]}}