{"id":39222,"date":"2024-12-20T13:12:16","date_gmt":"2024-12-20T13:12:16","guid":{"rendered":"https:\/\/radiojehona.com\/?p=39222"},"modified":"2024-12-20T13:12:17","modified_gmt":"2024-12-20T13:12:17","slug":"nga-seria-e-sulmeve-ne-ukraine-eshte-demtuar-edhe-ambasada-e-maqedonise-se-veriut-ne-kiev","status":"publish","type":"post","link":"https:\/\/radiojehona.mk\/?p=39222","title":{"rendered":"Nga seria e sulmeve n\u00eb Ukrain\u00eb, \u00ebsht\u00eb d\u00ebmtuar edhe ambasada e Maqedonis\u00eb s\u00eb Veriut n\u00eb Kiev"},"content":{"rendered":"\n<figure class=\"wp-block-image size-large\"><img fetchpriority=\"high\" decoding=\"async\" width=\"1024\" height=\"584\" src=\"https:\/\/radiojehona.com\/wp-content\/uploads\/2024\/12\/IMG_9992-1024x584.jpeg\" alt=\"\" class=\"wp-image-39223\" srcset=\"https:\/\/radiojehona.mk\/wp-content\/uploads\/2024\/12\/IMG_9992-1024x584.jpeg 1024w, https:\/\/radiojehona.mk\/wp-content\/uploads\/2024\/12\/IMG_9992-300x171.jpeg 300w, https:\/\/radiojehona.mk\/wp-content\/uploads\/2024\/12\/IMG_9992-768x438.jpeg 768w, https:\/\/radiojehona.mk\/wp-content\/uploads\/2024\/12\/IMG_9992.jpeg 1125w\" sizes=\"(max-width: 1024px) 100vw, 1024px\" \/><\/figure>\n\n\n\n<p><strong>N\u00eb serin\u00eb e sulmeve me raketa q\u00eb ndodh\u00ebn m\u00ebngjesin e sot\u00ebm n\u00eb kryeqytetin e Ukrain\u00ebs, \u00ebsht\u00eb d\u00ebmtuar edhe nd\u00ebrtesa n\u00eb t\u00eb cil\u00ebn ndodhet Ambasada e Maqedonis\u00eb s\u00eb Veriut n\u00eb qend\u00ebr t\u00eb Kievit, njofton MPJ, transmeton&nbsp;<a href=\"https:\/\/portalb.mk\/\">Portalb.mk.<\/a><\/strong><\/p>\n\n\n\n<p>\u201cMinistria e Pun\u00ebve t\u00eb Jashtme dhe Tregtis\u00eb s\u00eb Jashtme d\u00ebnon ashp\u00ebr sulmet e sotme me raketa nga ushtria ruse n\u00eb Kiev. N\u00eb t\u00eb nj\u00ebjt\u00ebn koh\u00eb, ju informojm\u00eb se gjat\u00eb sulmit \u00ebsht\u00eb prekur edhe infrastruktura kritike n\u00eb rajonin e Holosejevit, duke p\u00ebrfshir\u00eb edhe nd\u00ebrtes\u00ebn ku ndodhen gjasht\u00eb ambasada, p\u00ebrfshir\u00eb edhe Ambasad\u00ebn e Republik\u00ebs s\u00eb Maqedonis\u00eb s\u00eb Veriut n\u00eb Kiev. Asnj\u00eb personel diplomatik nuk u l\u00ebndua gjat\u00eb sulmit, por d\u00ebme materiale jan\u00eb shkaktuar n\u00eb Ambasad\u00eb. Sh\u00ebrbimet kompetente kan\u00eb kryer kontrollin fillestar t\u00eb d\u00ebmtimeve n\u00eb vend dhe tashm\u00eb po punohet p\u00ebr riparimin e tyre\u201d,&nbsp;<strong>thon\u00eb nga MPJ.<\/strong><\/p>\n\n\n\n<p>Ambasada maqedonase n\u00eb Kiev,&nbsp; nuk ka qen\u00eb sh\u00ebnjest\u00ebr e drejtp\u00ebrdrejt\u00eb e sulmeve, por sh\u00ebnjest\u00ebr, me shum\u00eb gjasa,&nbsp;<strong>ka qen\u00eb nj\u00eb objekt aty pran\u00eb q\u00eb p\u00ebrdoret nga sh\u00ebrbimet e siguris\u00eb-ushtarake<\/strong>&nbsp;t\u00eb Ukrain\u00ebs.<\/p>\n\n\n\n<p>Ambasada e vendit n\u00eb Kiev ndodhet n\u00eb rrug\u00ebn 12 Ivan Fedorov.<\/p>\n\n\n\n<p>Her\u00ebt n\u00eb m\u00ebngjes mediat bot\u00ebrore raportuan se&nbsp;<strong>nj\u00eb s\u00ebr\u00eb sulmesh me raketa jan\u00eb kryer n\u00eb Kiev<\/strong>, duke shkaktuar d\u00ebme materiale n\u00eb t\u00eb gjith\u00eb kryeqytetin e Ukrain\u00ebs.<\/p>\n\n\n\n<p>Edhe kryebashkiaku i Kievit konfirmoi se disa shp\u00ebrthime u regjistruan n\u00eb disa lokacione n\u00eb qytet, si dhe se mbetjet e granat\u00ebs s\u00eb r\u00ebn\u00eb n\u00eb zon\u00ebn e Kholostivit dogj\u00ebn disa makina.<\/p>\n","protected":false},"excerpt":{"rendered":"<p>N&euml; serin&euml; e sulmeve me raketa q&euml; ndodh&euml;n m&euml;ngjesin e sot&euml;m n&euml; kryeqytetin e Ukrain&euml;s, &euml;sht&euml; d&euml;mtuar edhe nd&euml;rtesa n&euml; t&euml; cil&euml;n ndodhet Ambasada e Maqedonis&euml; s&euml; Veriut n&euml; qend&euml;r t&euml; Kievit, njofton MPJ, transmeton&nbsp;Portalb.mk. &ldquo;Ministria e Pun&euml;ve t&euml; Jashtme dhe Tregtis&euml; s&euml; Jashtme d&euml;non ashp&euml;r sulmet e sotme me raketa nga ushtria ruse n&euml; [&hellip;]<\/p>\n","protected":false},"author":2,"featured_media":39223,"comment_status":"open","ping_status":"closed","sticky":false,"template":"","format":"standard","meta":{"_monsterinsights_skip_tracking":false,"_monsterinsights_sitenote_active":false,"_monsterinsights_sitenote_note":"","_monsterinsights_sitenote_category":0,"footnotes":""},"categories":[1],"tags":[],"class_list":["post-39222","post","type-post","status-publish","format-standard","has-post-thumbnail","hentry","category-vendi"],"_links":{"self":[{"href":"https:\/\/radiojehona.mk\/index.php?rest_route=\/wp\/v2\/posts\/39222","targetHints":{"allow":["GET"]}}],"collection":[{"href":"https:\/\/radiojehona.mk\/index.php?rest_route=\/wp\/v2\/posts"}],"about":[{"href":"https:\/\/radiojehona.mk\/index.php?rest_route=\/wp\/v2\/types\/post"}],"author":[{"embeddable":true,"href":"https:\/\/radiojehona.mk\/index.php?rest_route=\/wp\/v2\/users\/2"}],"replies":[{"embeddable":true,"href":"https:\/\/radiojehona.mk\/index.php?rest_route=%2Fwp%2Fv2%2Fcomments&post=39222"}],"version-history":[{"count":2,"href":"https:\/\/radiojehona.mk\/index.php?rest_route=\/wp\/v2\/posts\/39222\/revisions"}],"predecessor-version":[{"id":39225,"href":"https:\/\/radiojehona.mk\/index.php?rest_route=\/wp\/v2\/posts\/39222\/revisions\/39225"}],"wp:featuredmedia":[{"embeddable":true,"href":"https:\/\/radiojehona.mk\/index.php?rest_route=\/wp\/v2\/media\/39223"}],"wp:attachment":[{"href":"https:\/\/radiojehona.mk\/index.php?rest_route=%2Fwp%2Fv2%2Fmedia&parent=39222"}],"wp:term":[{"taxonomy":"category","embeddable":true,"href":"https:\/\/radiojehona.mk\/index.php?rest_route=%2Fwp%2Fv2%2Fcategories&post=39222"},{"taxonomy":"post_tag","embeddable":true,"href":"https:\/\/radiojehona.mk\/index.php?rest_route=%2Fwp%2Fv2%2Ftags&post=39222"}],"curies":[{"name":"wp","href":"https:\/\/api.w.org\/{rel}","templated":true}]}}