{"id":39217,"date":"2024-12-20T13:09:22","date_gmt":"2024-12-20T13:09:22","guid":{"rendered":"https:\/\/radiojehona.com\/?p=39217"},"modified":"2024-12-20T13:09:22","modified_gmt":"2024-12-20T13:09:22","slug":"mpb-deri-me-31-dhjetor-te-nderrohen-targat-e-automjeteve-ose-te-vendosen-ngjiteset-nmk","status":"publish","type":"post","link":"https:\/\/radiojehona.mk\/?p=39217","title":{"rendered":"MPB: Deri m\u00eb 31 dhjetor t\u00eb nd\u00ebrrohen targat e automjeteve ose t\u00eb vendosen ngjit\u00ebset NMK"},"content":{"rendered":"\n<figure class=\"wp-block-image size-large\"><img fetchpriority=\"high\" decoding=\"async\" width=\"1024\" height=\"464\" src=\"https:\/\/radiojehona.com\/wp-content\/uploads\/2024\/12\/IMG_9991-1024x464.jpeg\" alt=\"\" class=\"wp-image-39218\" srcset=\"https:\/\/radiojehona.mk\/wp-content\/uploads\/2024\/12\/IMG_9991-1024x464.jpeg 1024w, https:\/\/radiojehona.mk\/wp-content\/uploads\/2024\/12\/IMG_9991-300x136.jpeg 300w, https:\/\/radiojehona.mk\/wp-content\/uploads\/2024\/12\/IMG_9991-768x348.jpeg 768w, https:\/\/radiojehona.mk\/wp-content\/uploads\/2024\/12\/IMG_9991.jpeg 1125w\" sizes=\"(max-width: 1024px) 100vw, 1024px\" \/><\/figure>\n\n\n\n<p>Ministria e Pun\u00ebve t\u00eb Brendshme rikujton qytetar\u00ebt se afati p\u00ebr nd\u00ebrrimin e targave me t\u00eb reja me shenj\u00ebn NMK ose vendosjen e etiket\u00ebs NMK \u00ebsht\u00eb deri m\u00eb 31.12.2024.<\/p>\n\n\n\n<p>Kjo do t\u00eb thot\u00eb, targat q\u00eb p\u00ebrmbajn\u00eb shenj\u00ebn MK (targa me kat\u00ebr numra) dhe targat q\u00eb nuk p\u00ebrmbajn\u00eb shenj\u00ebn MK (me tre numra) duhet t\u00eb z\u00ebvend\u00ebsohen me targa t\u00eb reja q\u00eb p\u00ebrmbajn\u00eb mark\u00ebn komb\u00ebtare NMK ose t\u00eb nj\u00ebjtat t\u00eb vendoset nj\u00eb afishe me shenj\u00ebn komb\u00ebtare NMK deri m\u00eb 31.12.2024.<\/p>\n\n\n\n<p>Qytetar\u00ebt mund t\u00eb sigurojn\u00eb ngjit\u00ebse NMK n\u00eb t\u00eb gjitha stacionet p\u00ebr kontroll teknik.<\/p>\n","protected":false},"excerpt":{"rendered":"<p>Ministria e Pun&euml;ve t&euml; Brendshme rikujton qytetar&euml;t se afati p&euml;r nd&euml;rrimin e targave me t&euml; reja me shenj&euml;n NMK ose vendosjen e etiket&euml;s NMK &euml;sht&euml; deri m&euml; 31.12.2024. Kjo do t&euml; thot&euml;, targat q&euml; p&euml;rmbajn&euml; shenj&euml;n MK (targa me kat&euml;r numra) dhe targat q&euml; nuk p&euml;rmbajn&euml; shenj&euml;n MK (me tre numra) duhet t&euml; z&euml;vend&euml;sohen me [&hellip;]<\/p>\n","protected":false},"author":2,"featured_media":39218,"comment_status":"open","ping_status":"closed","sticky":false,"template":"","format":"standard","meta":{"_monsterinsights_skip_tracking":false,"_monsterinsights_sitenote_active":false,"_monsterinsights_sitenote_note":"","_monsterinsights_sitenote_category":0,"footnotes":""},"categories":[1],"tags":[],"class_list":["post-39217","post","type-post","status-publish","format-standard","has-post-thumbnail","hentry","category-vendi"],"_links":{"self":[{"href":"https:\/\/radiojehona.mk\/index.php?rest_route=\/wp\/v2\/posts\/39217","targetHints":{"allow":["GET"]}}],"collection":[{"href":"https:\/\/radiojehona.mk\/index.php?rest_route=\/wp\/v2\/posts"}],"about":[{"href":"https:\/\/radiojehona.mk\/index.php?rest_route=\/wp\/v2\/types\/post"}],"author":[{"embeddable":true,"href":"https:\/\/radiojehona.mk\/index.php?rest_route=\/wp\/v2\/users\/2"}],"replies":[{"embeddable":true,"href":"https:\/\/radiojehona.mk\/index.php?rest_route=%2Fwp%2Fv2%2Fcomments&post=39217"}],"version-history":[{"count":2,"href":"https:\/\/radiojehona.mk\/index.php?rest_route=\/wp\/v2\/posts\/39217\/revisions"}],"predecessor-version":[{"id":39220,"href":"https:\/\/radiojehona.mk\/index.php?rest_route=\/wp\/v2\/posts\/39217\/revisions\/39220"}],"wp:featuredmedia":[{"embeddable":true,"href":"https:\/\/radiojehona.mk\/index.php?rest_route=\/wp\/v2\/media\/39218"}],"wp:attachment":[{"href":"https:\/\/radiojehona.mk\/index.php?rest_route=%2Fwp%2Fv2%2Fmedia&parent=39217"}],"wp:term":[{"taxonomy":"category","embeddable":true,"href":"https:\/\/radiojehona.mk\/index.php?rest_route=%2Fwp%2Fv2%2Fcategories&post=39217"},{"taxonomy":"post_tag","embeddable":true,"href":"https:\/\/radiojehona.mk\/index.php?rest_route=%2Fwp%2Fv2%2Ftags&post=39217"}],"curies":[{"name":"wp","href":"https:\/\/api.w.org\/{rel}","templated":true}]}}