{"id":39210,"date":"2024-12-19T23:59:33","date_gmt":"2024-12-19T23:59:33","guid":{"rendered":"https:\/\/radiojehona.com\/?p=39210"},"modified":"2024-12-19T23:59:33","modified_gmt":"2024-12-19T23:59:33","slug":"pamela-anderson-si-djali-i-saj-orkestroi-rikthimin-e-saj-ne-hollywood","status":"publish","type":"post","link":"https:\/\/radiojehona.mk\/?p=39210","title":{"rendered":"Pamela Anderson: Si djali i saj \u2018orkestroi\u2019 rikthimin e saj n\u00eb Hollywood"},"content":{"rendered":"\n<figure class=\"wp-block-image size-large\"><img fetchpriority=\"high\" decoding=\"async\" width=\"1024\" height=\"674\" src=\"https:\/\/radiojehona.com\/wp-content\/uploads\/2024\/12\/IMG_9989-1024x674.jpeg\" alt=\"\" class=\"wp-image-39211\" srcset=\"https:\/\/radiojehona.mk\/wp-content\/uploads\/2024\/12\/IMG_9989-1024x674.jpeg 1024w, https:\/\/radiojehona.mk\/wp-content\/uploads\/2024\/12\/IMG_9989-300x198.jpeg 300w, https:\/\/radiojehona.mk\/wp-content\/uploads\/2024\/12\/IMG_9989-768x506.jpeg 768w, https:\/\/radiojehona.mk\/wp-content\/uploads\/2024\/12\/IMG_9989.jpeg 1125w\" sizes=\"(max-width: 1024px) 100vw, 1024px\" \/><\/figure>\n\n\n\n<p>Pamela Anderson \u00ebsht\u00eb nd\u00ebr nominimet p\u00ebr Golden Globe, p\u00ebr performanc\u00ebn e saj tashm\u00eb t\u00eb shum\u00ebp\u00ebrfolur n\u00eb filmin \u201cThe Last Showgirl\u201d, q\u00eb sh\u00ebnoi rikthimin e saj n\u00eb Hollywood, por edhe ndryshimin e imazhit t\u00eb saj artistik.<\/p>\n\n\n\n<p>E pyetur nga nj\u00eb gazetar se si e mori vesh se ishte nominuar p\u00ebr \u00e7mimin prestigjioz, ajo tha: \u201cUn\u00eb jam nj\u00eb person i m\u00ebngjesit. K\u00ebshtu q\u00eb u zgjova pak pas or\u00ebs pes\u00eb dhe pash\u00eb q\u00eb biseda n\u00eb grup \u201cThe Last Showgirl\u201d ishte \u00e7menduri. K\u00ebshtu e mora vesh.<\/p>\n\n\n\n<p>Ajo tha se asgj\u00eb nga k\u00ebto nuk do t\u00eb kishin ndodhur n\u00ebse djali i saj, Brandon, nuk do t\u2019i jepte skenarin:<\/p>\n\n\n\n<p><em>\u201c\u00cbsht\u00eb e \u00e7uditshme, apo jo? M\u00eb vjen mir\u00eb q\u00eb mora pjes\u00eb\u201d, u p\u00ebrgjigj ajo duke qeshur dhe shtoi:\u00a0\u201cAi \u00ebsht\u00eb i mrekulluesh\u00ebm, ai \u00ebsht\u00eb nj\u00eb vizionar dhe ai disi orkestroi rikthimin tim. Ai prodhoi dokumentarin tim [Brandon Thomas Lee \u00ebsht\u00eb producent i \u201cPamela, a Love Story\u201d]. K\u00ebshtu m\u00eb zbuloi Gia [Coppola, regjisorja e \u2018The Last Showgirl\u2019], duke par\u00eb nje person q\u00eb me t\u00eb v\u00ebrtet\u00eb d\u00ebshironte t\u00eb shprehej artistikisht.\u2019<\/em><\/p>\n\n\n\n<p>E pyetur n\u00ebse do t\u00eb shoq\u00ebrohet nga djali i saj n\u00eb ceremonin\u00eb e ndarjes s\u00eb \u00e7mimeve t\u00eb k\u00ebtij viti, aktorja u p\u00ebrgjigj pozitivisht.<\/p>\n\n\n\n<p><a href=\"https:\/\/www.instagram.com\/reel\/DDuw5slBdyP\/?igsh=a3J6NGY5bzYyOWNp\">https:\/\/www.instagram.com\/reel\/DDuw5slBdyP\/?igsh=a3J6NGY5bzYyOWNp<\/a><\/p>\n","protected":false},"excerpt":{"rendered":"<p>Pamela Anderson &euml;sht&euml; nd&euml;r nominimet p&euml;r Golden Globe, p&euml;r performanc&euml;n e saj tashm&euml; t&euml; shum&euml;p&euml;rfolur n&euml; filmin &ldquo;The Last Showgirl&rdquo;, q&euml; sh&euml;noi rikthimin e saj n&euml; Hollywood, por edhe ndryshimin e imazhit t&euml; saj artistik. E pyetur nga nj&euml; gazetar se si e mori vesh se ishte nominuar p&euml;r &ccedil;mimin prestigjioz, ajo tha: &ldquo;Un&euml; jam [&hellip;]<\/p>\n","protected":false},"author":2,"featured_media":39211,"comment_status":"open","ping_status":"closed","sticky":false,"template":"","format":"standard","meta":{"_monsterinsights_skip_tracking":false,"_monsterinsights_sitenote_active":false,"_monsterinsights_sitenote_note":"","_monsterinsights_sitenote_category":0,"footnotes":""},"categories":[573],"tags":[],"class_list":["post-39210","post","type-post","status-publish","format-standard","has-post-thumbnail","hentry","category-lifestyle"],"_links":{"self":[{"href":"https:\/\/radiojehona.mk\/index.php?rest_route=\/wp\/v2\/posts\/39210","targetHints":{"allow":["GET"]}}],"collection":[{"href":"https:\/\/radiojehona.mk\/index.php?rest_route=\/wp\/v2\/posts"}],"about":[{"href":"https:\/\/radiojehona.mk\/index.php?rest_route=\/wp\/v2\/types\/post"}],"author":[{"embeddable":true,"href":"https:\/\/radiojehona.mk\/index.php?rest_route=\/wp\/v2\/users\/2"}],"replies":[{"embeddable":true,"href":"https:\/\/radiojehona.mk\/index.php?rest_route=%2Fwp%2Fv2%2Fcomments&post=39210"}],"version-history":[{"count":2,"href":"https:\/\/radiojehona.mk\/index.php?rest_route=\/wp\/v2\/posts\/39210\/revisions"}],"predecessor-version":[{"id":39213,"href":"https:\/\/radiojehona.mk\/index.php?rest_route=\/wp\/v2\/posts\/39210\/revisions\/39213"}],"wp:featuredmedia":[{"embeddable":true,"href":"https:\/\/radiojehona.mk\/index.php?rest_route=\/wp\/v2\/media\/39211"}],"wp:attachment":[{"href":"https:\/\/radiojehona.mk\/index.php?rest_route=%2Fwp%2Fv2%2Fmedia&parent=39210"}],"wp:term":[{"taxonomy":"category","embeddable":true,"href":"https:\/\/radiojehona.mk\/index.php?rest_route=%2Fwp%2Fv2%2Fcategories&post=39210"},{"taxonomy":"post_tag","embeddable":true,"href":"https:\/\/radiojehona.mk\/index.php?rest_route=%2Fwp%2Fv2%2Ftags&post=39210"}],"curies":[{"name":"wp","href":"https:\/\/api.w.org\/{rel}","templated":true}]}}