{"id":39206,"date":"2024-12-19T23:55:16","date_gmt":"2024-12-19T23:55:16","guid":{"rendered":"https:\/\/radiojehona.com\/?p=39206"},"modified":"2024-12-19T23:55:16","modified_gmt":"2024-12-19T23:55:16","slug":"psikologet-ne-alarm-varesia-ndaj-rrjeteve-sociale-e-njejte-si-ajo-ndaj-alkoolit-dhe-droges","status":"publish","type":"post","link":"https:\/\/radiojehona.mk\/?p=39206","title":{"rendered":"Psikolog\u00ebt n\u00eb alarm: Var\u00ebsia ndaj rrjeteve sociale e nj\u00ebjt\u00eb si ajo ndaj alkoolit dhe drog\u00ebs"},"content":{"rendered":"\n<figure class=\"wp-block-image size-large\"><img fetchpriority=\"high\" decoding=\"async\" width=\"1024\" height=\"572\" src=\"https:\/\/radiojehona.com\/wp-content\/uploads\/2024\/12\/IMG_9988-1024x572.jpeg\" alt=\"\" class=\"wp-image-39207\" srcset=\"https:\/\/radiojehona.mk\/wp-content\/uploads\/2024\/12\/IMG_9988-1024x572.jpeg 1024w, https:\/\/radiojehona.mk\/wp-content\/uploads\/2024\/12\/IMG_9988-300x167.jpeg 300w, https:\/\/radiojehona.mk\/wp-content\/uploads\/2024\/12\/IMG_9988-768x429.jpeg 768w, https:\/\/radiojehona.mk\/wp-content\/uploads\/2024\/12\/IMG_9988.jpeg 1125w\" sizes=\"(max-width: 1024px) 100vw, 1024px\" \/><\/figure>\n\n\n\n<p>Dhjet\u00ebra raste t\u00eb vet\u00ebl\u00ebndimeve t\u00eb f\u00ebmij\u00ebve nga t\u00eb ashtuquajturat sfida n\u00eb TikTok, kan\u00eb ndodhur vet\u00ebm k\u00ebt\u00eb vit.<\/p>\n\n\n\n<p>Prind\u00ebrit jan\u00eb n\u00ebn ethe. F\u00ebmij\u00ebt, n\u00eb an\u00ebn tjet\u00ebr, kureshtar\u00eb p\u00ebr t\u00eb zbuluar \u00e7far\u00eb ka brenda platform\u00ebs.<\/p>\n\n\n\n<p>Psikolog\u00ebt ngren\u00eb alarmin se var\u00ebsia ndaj rrjeteve sociale \u00ebsht\u00eb e nj\u00ebjt\u00eb sikurse ajo me alkoolin dhe me drogat.<\/p>\n\n\n\n<p>Shtetet duket se nuk e kan\u00eb gjetur nj\u00eb zgjidhje ideale q\u00eb rehaton t\u00eb gjitha pal\u00ebt.<\/p>\n\n\n\n<p>Dhjet\u00ebra prej tyre akuzojn\u00eb platform\u00ebn se ka lidhje direkte me shtetin e Kin\u00ebs, andaj kan\u00eb shqet\u00ebsime t\u00eb m\u00ebdha p\u00ebr privat\u00ebsin\u00eb.<\/p>\n\n\n\n<p>P\u00ebr \u00e7far\u00eb sfidash b\u00ebhet fjal\u00eb?<\/p>\n\n\n\n<p>T\u00eb llojllojshme dhe q\u00eb marrin hov nj\u00ebra pas tjetr\u00ebs. Nisur nga konsumimi i substancave t\u00eb ndryshme \u2013 q\u00eb i ka kushtuar me jet\u00eb nj\u00eb vajze t\u00eb re n\u00eb Shtetet e Bashkuara muaj m\u00eb par\u00eb \u2013 e deri te loj\u00ebrat fizike q\u00eb rezultojn\u00eb me fraktura apo l\u00ebndime tjera t\u00eb gjymtyr\u00ebve e t\u00eb kok\u00ebs.<\/p>\n\n\n\n<p>M\u00ebnyra e funksionimit t\u00eb k\u00ebsaj platforme kineze t\u00eb videove t\u00eb shkurtra \u2013 e lan\u00e7uar m\u00eb 2016 dhe e zot\u00ebruar nga kompania kineze, ByteDance \u2013 \u00ebsht\u00eb, gjithashtu, problematike.<\/p>\n\n\n\n<p>P\u00ebr dallim prej algoritmeve t\u00eb rrjeteve tjera sociale, algoritmi i TikTok-ut i jep m\u00eb shum\u00eb prioritet p\u00ebrmbajtjes, var\u00ebsisht prej preferencave t\u00eb p\u00ebrdoruesve dhe k\u00ebrkimit t\u00eb p\u00ebrmbajtjes, sesa numrit t\u00eb ndjek\u00ebsve q\u00eb ka nj\u00eb llogari.<\/p>\n\n\n\n<p>Pra, edhe n\u00ebse \u00ebsht\u00eb e re dhe ka pak ndjek\u00ebs, nj\u00eb llogari n\u00eb TikTok mund t\u00eb b\u00ebhet virale.<\/p>\n\n\n\n<p>Sipas nj\u00eb analize t\u00eb agjencis\u00eb Pikasa Analytics, q\u00eb b\u00ebn monitorimin e p\u00ebrmbajtjes s\u00eb mediave n\u00eb Ballkan, postimet e personave \u201ct\u00eb panjohur\u201d po b\u00ebhen m\u00eb t\u00eb popullarizuara, sesa ato t\u00eb figurave me ndikim.<\/p>\n\n\n\n<p>Sipas sociolog\u00ebve kur prind\u00ebrit provojn\u00eb q\u00eb f\u00ebmij\u00ebve t\u00eb tyre t\u2019ua largojn\u00eb telefonin, qoft\u00eb edhe p\u00ebr disa or\u00eb, vihet re se ata kalojn\u00eb n\u00eb shp\u00ebrthime t\u00eb inateve, n\u00eb reagime shum\u00eb agresive, q\u00eb tregon vart\u00ebsin\u00eb prej tyre.<\/p>\n","protected":false},"excerpt":{"rendered":"<p>Dhjet&euml;ra raste t&euml; vet&euml;l&euml;ndimeve t&euml; f&euml;mij&euml;ve nga t&euml; ashtuquajturat sfida n&euml; TikTok, kan&euml; ndodhur vet&euml;m k&euml;t&euml; vit. Prind&euml;rit jan&euml; n&euml;n ethe. F&euml;mij&euml;t, n&euml; an&euml;n tjet&euml;r, kureshtar&euml; p&euml;r t&euml; zbuluar &ccedil;far&euml; ka brenda platform&euml;s. Psikolog&euml;t ngren&euml; alarmin se var&euml;sia ndaj rrjeteve sociale &euml;sht&euml; e nj&euml;jt&euml; sikurse ajo me alkoolin dhe me drogat. Shtetet duket se nuk [&hellip;]<\/p>\n","protected":false},"author":2,"featured_media":39207,"comment_status":"open","ping_status":"closed","sticky":false,"template":"","format":"standard","meta":{"_monsterinsights_skip_tracking":false,"_monsterinsights_sitenote_active":false,"_monsterinsights_sitenote_note":"","_monsterinsights_sitenote_category":0,"footnotes":""},"categories":[572],"tags":[],"class_list":["post-39206","post","type-post","status-publish","format-standard","has-post-thumbnail","hentry","category-shendeti"],"_links":{"self":[{"href":"https:\/\/radiojehona.mk\/index.php?rest_route=\/wp\/v2\/posts\/39206","targetHints":{"allow":["GET"]}}],"collection":[{"href":"https:\/\/radiojehona.mk\/index.php?rest_route=\/wp\/v2\/posts"}],"about":[{"href":"https:\/\/radiojehona.mk\/index.php?rest_route=\/wp\/v2\/types\/post"}],"author":[{"embeddable":true,"href":"https:\/\/radiojehona.mk\/index.php?rest_route=\/wp\/v2\/users\/2"}],"replies":[{"embeddable":true,"href":"https:\/\/radiojehona.mk\/index.php?rest_route=%2Fwp%2Fv2%2Fcomments&post=39206"}],"version-history":[{"count":2,"href":"https:\/\/radiojehona.mk\/index.php?rest_route=\/wp\/v2\/posts\/39206\/revisions"}],"predecessor-version":[{"id":39209,"href":"https:\/\/radiojehona.mk\/index.php?rest_route=\/wp\/v2\/posts\/39206\/revisions\/39209"}],"wp:featuredmedia":[{"embeddable":true,"href":"https:\/\/radiojehona.mk\/index.php?rest_route=\/wp\/v2\/media\/39207"}],"wp:attachment":[{"href":"https:\/\/radiojehona.mk\/index.php?rest_route=%2Fwp%2Fv2%2Fmedia&parent=39206"}],"wp:term":[{"taxonomy":"category","embeddable":true,"href":"https:\/\/radiojehona.mk\/index.php?rest_route=%2Fwp%2Fv2%2Fcategories&post=39206"},{"taxonomy":"post_tag","embeddable":true,"href":"https:\/\/radiojehona.mk\/index.php?rest_route=%2Fwp%2Fv2%2Ftags&post=39206"}],"curies":[{"name":"wp","href":"https:\/\/api.w.org\/{rel}","templated":true}]}}