{"id":39190,"date":"2024-12-19T23:34:49","date_gmt":"2024-12-19T23:34:49","guid":{"rendered":"https:\/\/radiojehona.com\/?p=39190"},"modified":"2024-12-19T23:34:50","modified_gmt":"2024-12-19T23:34:50","slug":"te-shtena-me-arme-zjarri-ne-parlamentin-abkhaz-vritet-nje-deputet-dhe-plagoset-nje-tjeter","status":"publish","type":"post","link":"https:\/\/radiojehona.mk\/?p=39190","title":{"rendered":"T\u00eb sht\u00ebna me arm\u00eb zjarri n\u00eb Parlamentin Abkhaz, vritet nj\u00eb deputet dhe plagoset nj\u00eb tjet\u00ebr"},"content":{"rendered":"\n<figure class=\"wp-block-image size-large\"><img fetchpriority=\"high\" decoding=\"async\" width=\"1024\" height=\"679\" src=\"https:\/\/radiojehona.com\/wp-content\/uploads\/2024\/12\/IMG_9984-1024x679.jpeg\" alt=\"\" class=\"wp-image-39191\" srcset=\"https:\/\/radiojehona.mk\/wp-content\/uploads\/2024\/12\/IMG_9984-1024x679.jpeg 1024w, https:\/\/radiojehona.mk\/wp-content\/uploads\/2024\/12\/IMG_9984-300x199.jpeg 300w, https:\/\/radiojehona.mk\/wp-content\/uploads\/2024\/12\/IMG_9984-768x509.jpeg 768w, https:\/\/radiojehona.mk\/wp-content\/uploads\/2024\/12\/IMG_9984.jpeg 1125w\" sizes=\"(max-width: 1024px) 100vw, 1024px\" \/><\/figure>\n\n\n\n<p>Nj\u00eb ligjv\u00ebn\u00ebs n\u00eb Abkhazi, nj\u00eb rajon i shk\u00ebputur gjeorgjian i mb\u00ebshtetur nga Rusia, u q\u00ebllua p\u00ebr vdekje brenda nd\u00ebrtes\u00ebs s\u00eb Parlamentit.<\/p>\n\n\n\n<p>Sipas mediave t\u00eb huaja, lajmin e b\u00ebri t\u00eb ditur sh\u00ebrbimi p\u00ebr shtyp i Presidenc\u00ebs s\u00eb rajonit.<\/p>\n\n\n\n<p>M\u00ebsohet se ligjv\u00ebn\u00ebsi Vakhtang Golandzia vdiq nga plag\u00ebt e marra n\u00eb t\u00eb sht\u00ebnat n\u00eb nd\u00ebrtes\u00ebn e Parlamentit, tha zyra e shtypit e Presidentit n\u00eb detyr\u00eb, Badra Gunba, n\u00eb nj\u00eb postim n\u00eb Telegram.<\/p>\n\n\n\n<p>Nd\u00ebrkoh\u00eb m\u00ebsohet se nj\u00eb tjet\u00ebr deputet mbeti i plagosur n\u00eb krah.<\/p>\n\n\n\n<p>Agjencia shtet\u00ebrore e lajmeve Abkhaziane Apsnypress tha se ministria e brendshme kishte identifikuar nj\u00eb ligjv\u00ebn\u00ebs tjet\u00ebr, Adgur Kharazia, si t\u00eb dyshuar p\u00ebr t\u00eb sht\u00ebnat, dhe se ai ishte larguar nga vendi i ngjarjes.<\/p>\n\n\n\n<p>Kujtojm\u00eb se Abkhazia u shk\u00ebput nga kontrolli i Gjeorgjis\u00eb n\u00eb nj\u00eb luft\u00eb pas r\u00ebnies s\u00eb Bashkimit Sovjetik n\u00eb fillim t\u00eb viteve 1990.<\/p>\n","protected":false},"excerpt":{"rendered":"<p>Nj&euml; ligjv&euml;n&euml;s n&euml; Abkhazi, nj&euml; rajon i shk&euml;putur gjeorgjian i mb&euml;shtetur nga Rusia, u q&euml;llua p&euml;r vdekje brenda nd&euml;rtes&euml;s s&euml; Parlamentit. Sipas mediave t&euml; huaja, lajmin e b&euml;ri t&euml; ditur sh&euml;rbimi p&euml;r shtyp i Presidenc&euml;s s&euml; rajonit. M&euml;sohet se ligjv&euml;n&euml;si Vakhtang Golandzia vdiq nga plag&euml;t e marra n&euml; t&euml; sht&euml;nat n&euml; nd&euml;rtes&euml;n e Parlamentit, tha [&hellip;]<\/p>\n","protected":false},"author":2,"featured_media":39191,"comment_status":"open","ping_status":"closed","sticky":false,"template":"","format":"standard","meta":{"_monsterinsights_skip_tracking":false,"_monsterinsights_sitenote_active":false,"_monsterinsights_sitenote_note":"","_monsterinsights_sitenote_category":0,"footnotes":""},"categories":[569],"tags":[],"class_list":["post-39190","post","type-post","status-publish","format-standard","has-post-thumbnail","hentry","category-bota"],"_links":{"self":[{"href":"https:\/\/radiojehona.mk\/index.php?rest_route=\/wp\/v2\/posts\/39190","targetHints":{"allow":["GET"]}}],"collection":[{"href":"https:\/\/radiojehona.mk\/index.php?rest_route=\/wp\/v2\/posts"}],"about":[{"href":"https:\/\/radiojehona.mk\/index.php?rest_route=\/wp\/v2\/types\/post"}],"author":[{"embeddable":true,"href":"https:\/\/radiojehona.mk\/index.php?rest_route=\/wp\/v2\/users\/2"}],"replies":[{"embeddable":true,"href":"https:\/\/radiojehona.mk\/index.php?rest_route=%2Fwp%2Fv2%2Fcomments&post=39190"}],"version-history":[{"count":2,"href":"https:\/\/radiojehona.mk\/index.php?rest_route=\/wp\/v2\/posts\/39190\/revisions"}],"predecessor-version":[{"id":39193,"href":"https:\/\/radiojehona.mk\/index.php?rest_route=\/wp\/v2\/posts\/39190\/revisions\/39193"}],"wp:featuredmedia":[{"embeddable":true,"href":"https:\/\/radiojehona.mk\/index.php?rest_route=\/wp\/v2\/media\/39191"}],"wp:attachment":[{"href":"https:\/\/radiojehona.mk\/index.php?rest_route=%2Fwp%2Fv2%2Fmedia&parent=39190"}],"wp:term":[{"taxonomy":"category","embeddable":true,"href":"https:\/\/radiojehona.mk\/index.php?rest_route=%2Fwp%2Fv2%2Fcategories&post=39190"},{"taxonomy":"post_tag","embeddable":true,"href":"https:\/\/radiojehona.mk\/index.php?rest_route=%2Fwp%2Fv2%2Ftags&post=39190"}],"curies":[{"name":"wp","href":"https:\/\/api.w.org\/{rel}","templated":true}]}}