{"id":39186,"date":"2024-12-19T23:28:59","date_gmt":"2024-12-19T23:28:59","guid":{"rendered":"https:\/\/radiojehona.com\/?p=39186"},"modified":"2024-12-19T23:28:59","modified_gmt":"2024-12-19T23:28:59","slug":"taravari-paralajmeron-ali-ahmetin-ka-ardhur-koha-te-japesh-llogari-para-drejtesise","status":"publish","type":"post","link":"https:\/\/radiojehona.mk\/?p=39186","title":{"rendered":"Taravari paralajm\u00ebron Ali Ahmetin: Ka ardhur koha t\u00eb jap\u00ebsh llogari para drejt\u00ebsis\u00eb"},"content":{"rendered":"\n<figure class=\"wp-block-image size-large\"><img fetchpriority=\"high\" decoding=\"async\" width=\"1024\" height=\"613\" src=\"https:\/\/radiojehona.com\/wp-content\/uploads\/2024\/12\/IMG_9983-1024x613.jpeg\" alt=\"\" class=\"wp-image-39187\" srcset=\"https:\/\/radiojehona.mk\/wp-content\/uploads\/2024\/12\/IMG_9983-1024x613.jpeg 1024w, https:\/\/radiojehona.mk\/wp-content\/uploads\/2024\/12\/IMG_9983-300x180.jpeg 300w, https:\/\/radiojehona.mk\/wp-content\/uploads\/2024\/12\/IMG_9983-768x460.jpeg 768w, https:\/\/radiojehona.mk\/wp-content\/uploads\/2024\/12\/IMG_9983.jpeg 1125w\" sizes=\"(max-width: 1024px) 100vw, 1024px\" \/><\/figure>\n\n\n\n<p>Kryetari i Aleanc\u00ebs p\u00ebr Shqiptar\u00ebt, nj\u00ebherazi edhe Ministri i Sh\u00ebndet\u00ebsis\u00eb n\u00eb Maqedonin\u00eb e Veriut, Arben Taravari ka paralajm\u00ebruar se kreu i BDI-s\u00eb Ali Ahmeti do t\u00eb jep llogari para drejt\u00ebsis\u00eb.<\/p>\n\n\n\n<p>K\u00ebt\u00eb ai e tha mes rreshtash, p\u00ebrmes nj\u00eb shkrimi n\u00eb profilin e tij zyrtar n\u00eb Facebook.<\/p>\n\n\n\n<p>\u201cI arratisuri thot\u00eb se e ka b\u00ebr\u00eb \u00e7do gj\u00eb me miratimin e \u201cshefit\u201d. Ka ardhur koha q\u00eb \u201cshefi\u201d t\u00eb japi llogari para drejt\u00ebsis\u00eb!\u201d ka shkruar Taravari, duke i nd\u00ebrlidhur ngjarjen me ikjen e ish z\u00ebvend\u00ebskryeministrit Artan Grubit, pasi ndaj tij u l\u00ebshua fletarrest, p\u00ebr dyshime p\u00ebr keqp\u00ebrdorime me buxhetin e shtetit, p\u00ebrmes Llotaris\u00eb Shtet\u00ebrore.<\/p>\n\n\n\n<figure class=\"wp-block-image\"><a href=\"https:\/\/aktuale.mk\/wp-content\/uploads\/2024\/12\/Screenshot_20241219_213533_Facebook.jpg\"><img decoding=\"async\" src=\"https:\/\/aktuale.mk\/wp-content\/uploads\/2024\/12\/Screenshot_20241219_213533_Facebook-300x96.jpg\" alt=\"\" class=\"wp-image-863200\"\/><\/a><\/figure>\n","protected":false},"excerpt":{"rendered":"<p>Kryetari i Aleanc&euml;s p&euml;r Shqiptar&euml;t, nj&euml;herazi edhe Ministri i Sh&euml;ndet&euml;sis&euml; n&euml; Maqedonin&euml; e Veriut, Arben Taravari ka paralajm&euml;ruar se kreu i BDI-s&euml; Ali Ahmeti do t&euml; jep llogari para drejt&euml;sis&euml;. K&euml;t&euml; ai e tha mes rreshtash, p&euml;rmes nj&euml; shkrimi n&euml; profilin e tij zyrtar n&euml; Facebook. &ldquo;I arratisuri thot&euml; se e ka b&euml;r&euml; &ccedil;do gj&euml; [&hellip;]<\/p>\n","protected":false},"author":2,"featured_media":39187,"comment_status":"open","ping_status":"closed","sticky":false,"template":"","format":"standard","meta":{"_monsterinsights_skip_tracking":false,"_monsterinsights_sitenote_active":false,"_monsterinsights_sitenote_note":"","_monsterinsights_sitenote_category":0,"footnotes":""},"categories":[1],"tags":[],"class_list":["post-39186","post","type-post","status-publish","format-standard","has-post-thumbnail","hentry","category-vendi"],"_links":{"self":[{"href":"https:\/\/radiojehona.mk\/index.php?rest_route=\/wp\/v2\/posts\/39186","targetHints":{"allow":["GET"]}}],"collection":[{"href":"https:\/\/radiojehona.mk\/index.php?rest_route=\/wp\/v2\/posts"}],"about":[{"href":"https:\/\/radiojehona.mk\/index.php?rest_route=\/wp\/v2\/types\/post"}],"author":[{"embeddable":true,"href":"https:\/\/radiojehona.mk\/index.php?rest_route=\/wp\/v2\/users\/2"}],"replies":[{"embeddable":true,"href":"https:\/\/radiojehona.mk\/index.php?rest_route=%2Fwp%2Fv2%2Fcomments&post=39186"}],"version-history":[{"count":2,"href":"https:\/\/radiojehona.mk\/index.php?rest_route=\/wp\/v2\/posts\/39186\/revisions"}],"predecessor-version":[{"id":39189,"href":"https:\/\/radiojehona.mk\/index.php?rest_route=\/wp\/v2\/posts\/39186\/revisions\/39189"}],"wp:featuredmedia":[{"embeddable":true,"href":"https:\/\/radiojehona.mk\/index.php?rest_route=\/wp\/v2\/media\/39187"}],"wp:attachment":[{"href":"https:\/\/radiojehona.mk\/index.php?rest_route=%2Fwp%2Fv2%2Fmedia&parent=39186"}],"wp:term":[{"taxonomy":"category","embeddable":true,"href":"https:\/\/radiojehona.mk\/index.php?rest_route=%2Fwp%2Fv2%2Fcategories&post=39186"},{"taxonomy":"post_tag","embeddable":true,"href":"https:\/\/radiojehona.mk\/index.php?rest_route=%2Fwp%2Fv2%2Ftags&post=39186"}],"curies":[{"name":"wp","href":"https:\/\/api.w.org\/{rel}","templated":true}]}}