{"id":39183,"date":"2024-12-19T19:29:02","date_gmt":"2024-12-19T19:29:02","guid":{"rendered":"https:\/\/radiojehona.com\/?p=39183"},"modified":"2024-12-19T19:29:02","modified_gmt":"2024-12-19T19:29:02","slug":"ne-e-humben-parashqevine-perpara-20-vitesh-aktori-mori-rrugen-qe-askush-nuk-do-ta-bente","status":"publish","type":"post","link":"https:\/\/radiojehona.mk\/?p=39183","title":{"rendered":"\u201cNe e humb\u00ebn Parashqevin\u00eb p\u00ebrpara 20 vitesh\u201d, aktori: Mori rrug\u00ebn q\u00eb askush nuk do ta b\u00ebnte"},"content":{"rendered":"\n<figure class=\"wp-block-image size-large\"><img fetchpriority=\"high\" decoding=\"async\" width=\"1024\" height=\"578\" src=\"https:\/\/radiojehona.com\/wp-content\/uploads\/2024\/12\/IMG_9982-1024x578.jpeg\" alt=\"\" class=\"wp-image-39184\" srcset=\"https:\/\/radiojehona.mk\/wp-content\/uploads\/2024\/12\/IMG_9982-1024x578.jpeg 1024w, https:\/\/radiojehona.mk\/wp-content\/uploads\/2024\/12\/IMG_9982-300x169.jpeg 300w, https:\/\/radiojehona.mk\/wp-content\/uploads\/2024\/12\/IMG_9982-768x433.jpeg 768w, https:\/\/radiojehona.mk\/wp-content\/uploads\/2024\/12\/IMG_9982.jpeg 1125w\" sizes=\"(max-width: 1024px) 100vw, 1024px\" \/><\/figure>\n\n\n\n<p>ktori Herjon Mustafaraj ka rr\u00ebfyer p\u00ebr gazetaren e Top Channel, Kristi Gongo, detajet nga takimi me Parashqevi Simakun n\u00eb stacionin e trenit.<\/p>\n\n\n\n<p>Ai u shpreh se ikona muzik\u00ebs mori hapin e v\u00ebshtir\u00eb t\u00eb karrier\u00ebs, at\u00eb t\u00eb largimit nga Shqip\u00ebria.<\/p>\n\n\n\n<p>Nd\u00ebr t\u00eb tjera ai vazhdimisht vuri n\u00eb dukje talentin muzikor t\u00eb Parashqevi Simakut, i cili sipas Mustafarajt \u00ebsht\u00eb i pakufi.<\/p>\n\n\n\n<p>\u201cOpinioni shqiptar duhej t\u00eb ishte shqet\u00ebsuar k\u00ebtu e para 20 vitesh. Jemi 20 vite me vones\u00eb. Kjo nuk \u00ebsht\u00eb humbja e Parashqevis\u00eb, por humbja jon\u00eb. Parashqevia \u00ebsht\u00eb nj\u00eb figur\u00eb q\u00eb ka zgjuar \u00ebndrrat n\u00eb \u00e7do klas\u00eb, talent i lindur q\u00eb at\u00eb e din\u00eb t\u00eb gjith\u00eb. Nuk ka shkuar n\u00eb nj\u00eb shkoll\u00eb p\u00ebr k\u00ebng\u00eb. Parashqevia nuk kishte kufij n\u00eb artin e saj, ajo sh\u00ebndriti n\u00eb k\u00ebng\u00eb.<\/p>\n\n\n\n<p>Ne e humb\u00ebm Parashqevin\u00eb, at\u00eb q\u00eb e k\u00ebrkojm\u00eb tani dhe qajm\u00eb. Ne kemi humbur 20 vite m\u00eb par\u00eb, ne kemi humbur aktivitetin e saj. Do t\u00eb ishte nj\u00eb mrekulli q\u00eb t\u00eb kishim k\u00ebng\u00ebt shqiptare. Parashqevia \u00e7au nj\u00eb rrug\u00eb q\u00eb askush nuk do ta b\u00ebnte. N\u00eb vitet \u201990, ku ne iknim p\u00ebr t\u00eb shp\u00ebtuar, ajo vazhdoi nj\u00eb \u00ebnd\u00ebrr t\u00eb saj.<\/p>\n\n\n\n<p>Gjith\u00eb e denim q\u00eb ajo ra n\u00eb nj\u00eb hall t\u00eb saj dhe mjaftoheshin me iden\u00eb q\u00eb obobo ja si p\u00ebrfundoi ajo. Ne t\u00eb gjith\u00eb, se un\u00eb e kam v\u00ebn\u00eb re, b\u00ebhemi krenar\u00eb kur shohim q\u00eb nj\u00eb njeri b\u00ebn p\u00ebrpjekje dhe d\u00ebshton na jep neve forc\u00eb q\u00eb ja nuk duhet t\u00eb dal\u00ebsh p\u00ebrtej kufijve. Ajo telenovel\u00eb do t\u00eb ngordh\u00eb nj\u00eb dit\u00eb dhe e v\u00ebrteta do t\u00eb shfaqet.<\/p>\n\n\n\n<p>Parashqevia ka qen\u00eb peng dhe po mbahet peng p\u00ebrs\u00ebri n\u00eb nj\u00eb far\u00eb m\u00ebnyre dhe nuk \u00ebsht\u00eb e zonja t\u00eb shpreh\u00eb at\u00eb q\u00eb ajo ka kaluar dhe p\u00ebrjetuar, kush \u00ebsht\u00eb m\u00ebsimi q\u00eb ajo na jep. N\u00eb nj\u00eb vet\u00ebmohim deri n\u00eb nj\u00eb pik\u00eb, vet\u00ebm nj\u00eb her\u00eb e kam takuar dhe at\u00eb dit\u00eb q\u00eb e takova\u2026 pas or\u00ebve q\u00eb b\u00ebm\u00eb muhabet fol\u00ebm mbi gjith\u00e7ka mbi t\u00eb shkuar\u00ebn ton\u00eb, shoq\u00ebrin\u00eb, njer\u00ebzit q\u00eb njoh dhe ku jan\u00eb\u201d, tha Mustafaraj.<\/p>\n","protected":false},"excerpt":{"rendered":"<p>ktori Herjon Mustafaraj ka rr&euml;fyer p&euml;r gazetaren e Top Channel, Kristi Gongo, detajet nga takimi me Parashqevi Simakun n&euml; stacionin e trenit. Ai u shpreh se ikona muzik&euml;s mori hapin e v&euml;shtir&euml; t&euml; karrier&euml;s, at&euml; t&euml; largimit nga Shqip&euml;ria. Nd&euml;r t&euml; tjera ai vazhdimisht vuri n&euml; dukje talentin muzikor t&euml; Parashqevi Simakut, i cili sipas [&hellip;]<\/p>\n","protected":false},"author":2,"featured_media":39184,"comment_status":"open","ping_status":"closed","sticky":false,"template":"","format":"standard","meta":{"_monsterinsights_skip_tracking":false,"_monsterinsights_sitenote_active":false,"_monsterinsights_sitenote_note":"","_monsterinsights_sitenote_category":0,"footnotes":""},"categories":[7],"tags":[],"class_list":["post-39183","post","type-post","status-publish","format-standard","has-post-thumbnail","hentry","category-showbizz"],"_links":{"self":[{"href":"https:\/\/radiojehona.mk\/index.php?rest_route=\/wp\/v2\/posts\/39183","targetHints":{"allow":["GET"]}}],"collection":[{"href":"https:\/\/radiojehona.mk\/index.php?rest_route=\/wp\/v2\/posts"}],"about":[{"href":"https:\/\/radiojehona.mk\/index.php?rest_route=\/wp\/v2\/types\/post"}],"author":[{"embeddable":true,"href":"https:\/\/radiojehona.mk\/index.php?rest_route=\/wp\/v2\/users\/2"}],"replies":[{"embeddable":true,"href":"https:\/\/radiojehona.mk\/index.php?rest_route=%2Fwp%2Fv2%2Fcomments&post=39183"}],"version-history":[{"count":1,"href":"https:\/\/radiojehona.mk\/index.php?rest_route=\/wp\/v2\/posts\/39183\/revisions"}],"predecessor-version":[{"id":39185,"href":"https:\/\/radiojehona.mk\/index.php?rest_route=\/wp\/v2\/posts\/39183\/revisions\/39185"}],"wp:featuredmedia":[{"embeddable":true,"href":"https:\/\/radiojehona.mk\/index.php?rest_route=\/wp\/v2\/media\/39184"}],"wp:attachment":[{"href":"https:\/\/radiojehona.mk\/index.php?rest_route=%2Fwp%2Fv2%2Fmedia&parent=39183"}],"wp:term":[{"taxonomy":"category","embeddable":true,"href":"https:\/\/radiojehona.mk\/index.php?rest_route=%2Fwp%2Fv2%2Fcategories&post=39183"},{"taxonomy":"post_tag","embeddable":true,"href":"https:\/\/radiojehona.mk\/index.php?rest_route=%2Fwp%2Fv2%2Ftags&post=39183"}],"curies":[{"name":"wp","href":"https:\/\/api.w.org\/{rel}","templated":true}]}}