{"id":39175,"date":"2024-12-19T19:22:31","date_gmt":"2024-12-19T19:22:31","guid":{"rendered":"https:\/\/radiojehona.com\/?p=39175"},"modified":"2024-12-19T19:22:31","modified_gmt":"2024-12-19T19:22:31","slug":"me-24-dhjetor-parashqevi-simaku-me-kenge-per-krishtlindje","status":"publish","type":"post","link":"https:\/\/radiojehona.mk\/?p=39175","title":{"rendered":"M\u00eb 24 dhjetor, Parashqevi Simaku me k\u00ebng\u00eb p\u00ebr Krishtlindje"},"content":{"rendered":"\n<figure class=\"wp-block-image size-large\"><img fetchpriority=\"high\" decoding=\"async\" width=\"1024\" height=\"608\" src=\"https:\/\/radiojehona.com\/wp-content\/uploads\/2024\/12\/IMG_9980-1024x608.jpeg\" alt=\"\" class=\"wp-image-39176\" srcset=\"https:\/\/radiojehona.mk\/wp-content\/uploads\/2024\/12\/IMG_9980-1024x608.jpeg 1024w, https:\/\/radiojehona.mk\/wp-content\/uploads\/2024\/12\/IMG_9980-300x178.jpeg 300w, https:\/\/radiojehona.mk\/wp-content\/uploads\/2024\/12\/IMG_9980-768x456.jpeg 768w, https:\/\/radiojehona.mk\/wp-content\/uploads\/2024\/12\/IMG_9980.jpeg 1125w\" sizes=\"(max-width: 1024px) 100vw, 1024px\" \/><\/figure>\n\n\n\n<p>Artistja shqiptare, Parashqevi Simaku s\u00eb shpejti do t\u00eb vij\u00eb me nj\u00eb k\u00ebng\u00eb.<\/p>\n\n\n\n<figure class=\"wp-block-image\"><img decoding=\"async\" src=\"https:\/\/ads.botasot.info\/delivery\/lg.php?bannerid=0&amp;campaignid=0&amp;zoneid=124&amp;loc=https%3A%2F%2Fwww.botasot.info%2Fmediale-vip-showbiz%2F2275685%2Fme-24-dhjetor-parashqevi-simaku-me-kenge-per-krishtlindje%2F&amp;referer=https%3A%2F%2Ffax.al%2F&amp;cb=10dc57353c\" alt=\"\"\/><\/figure>\n\n\n\n<p>K\u00ebshtu ka b\u00ebr\u00eb t\u00eb ditur bznesmeni Elton Ilirjani p\u00ebr Top Story.<\/p>\n\n\n\n<p>Ai ka&nbsp;theksuar se Parashqevi Simaku do t\u00eb vij\u00eb&nbsp; me k\u00ebng\u00eb p\u00ebr Krishtlindje.<\/p>\n\n\n\n<p><em>\u201cKemi nj\u00eb surpriz\u00eb, q\u00eb me dat\u00eb 24, Parashqevi Simaku do vij\u00eb me k\u00ebng\u00eb, p\u00ebr fundvitin, k\u00ebng\u00ebn e Krishtlindjeve\u201d,<\/em>&nbsp;\u00ebsht\u00eb shprehur Elton Ilirjani.<\/p>\n","protected":false},"excerpt":{"rendered":"<p>Artistja shqiptare, Parashqevi Simaku s&euml; shpejti do t&euml; vij&euml; me nj&euml; k&euml;ng&euml;. K&euml;shtu ka b&euml;r&euml; t&euml; ditur bznesmeni Elton Ilirjani p&euml;r Top Story. Ai ka&nbsp;theksuar se Parashqevi Simaku do t&euml; vij&euml;&nbsp; me k&euml;ng&euml; p&euml;r Krishtlindje. &ldquo;Kemi nj&euml; surpriz&euml;, q&euml; me dat&euml; 24, Parashqevi Simaku do vij&euml; me k&euml;ng&euml;, p&euml;r fundvitin, k&euml;ng&euml;n e Krishtlindjeve&rdquo;,&nbsp;&euml;sht&euml; shprehur Elton [&hellip;]<\/p>\n","protected":false},"author":2,"featured_media":39176,"comment_status":"open","ping_status":"closed","sticky":false,"template":"","format":"standard","meta":{"_monsterinsights_skip_tracking":false,"_monsterinsights_sitenote_active":false,"_monsterinsights_sitenote_note":"","_monsterinsights_sitenote_category":0,"footnotes":""},"categories":[7],"tags":[],"class_list":["post-39175","post","type-post","status-publish","format-standard","has-post-thumbnail","hentry","category-showbizz"],"_links":{"self":[{"href":"https:\/\/radiojehona.mk\/index.php?rest_route=\/wp\/v2\/posts\/39175","targetHints":{"allow":["GET"]}}],"collection":[{"href":"https:\/\/radiojehona.mk\/index.php?rest_route=\/wp\/v2\/posts"}],"about":[{"href":"https:\/\/radiojehona.mk\/index.php?rest_route=\/wp\/v2\/types\/post"}],"author":[{"embeddable":true,"href":"https:\/\/radiojehona.mk\/index.php?rest_route=\/wp\/v2\/users\/2"}],"replies":[{"embeddable":true,"href":"https:\/\/radiojehona.mk\/index.php?rest_route=%2Fwp%2Fv2%2Fcomments&post=39175"}],"version-history":[{"count":2,"href":"https:\/\/radiojehona.mk\/index.php?rest_route=\/wp\/v2\/posts\/39175\/revisions"}],"predecessor-version":[{"id":39178,"href":"https:\/\/radiojehona.mk\/index.php?rest_route=\/wp\/v2\/posts\/39175\/revisions\/39178"}],"wp:featuredmedia":[{"embeddable":true,"href":"https:\/\/radiojehona.mk\/index.php?rest_route=\/wp\/v2\/media\/39176"}],"wp:attachment":[{"href":"https:\/\/radiojehona.mk\/index.php?rest_route=%2Fwp%2Fv2%2Fmedia&parent=39175"}],"wp:term":[{"taxonomy":"category","embeddable":true,"href":"https:\/\/radiojehona.mk\/index.php?rest_route=%2Fwp%2Fv2%2Fcategories&post=39175"},{"taxonomy":"post_tag","embeddable":true,"href":"https:\/\/radiojehona.mk\/index.php?rest_route=%2Fwp%2Fv2%2Ftags&post=39175"}],"curies":[{"name":"wp","href":"https:\/\/api.w.org\/{rel}","templated":true}]}}