{"id":39168,"date":"2024-12-19T18:27:52","date_gmt":"2024-12-19T18:27:52","guid":{"rendered":"https:\/\/radiojehona.com\/?p=39168"},"modified":"2024-12-19T18:27:53","modified_gmt":"2024-12-19T18:27:53","slug":"belgjika-u-rekomandon-qytetareve-te-pergatisin-canten-e-situates-emergjente","status":"publish","type":"post","link":"https:\/\/radiojehona.mk\/?p=39168","title":{"rendered":"Belgjika u rekomandon qytetar\u00ebve t\u00eb p\u00ebrgatisin \u00e7ant\u00ebn e situat\u00ebs emergjente"},"content":{"rendered":"\n<figure class=\"wp-block-image size-large\"><img fetchpriority=\"high\" decoding=\"async\" width=\"1024\" height=\"574\" src=\"https:\/\/radiojehona.com\/wp-content\/uploads\/2024\/12\/IMG_9978-1024x574.jpeg\" alt=\"\" class=\"wp-image-39169\" srcset=\"https:\/\/radiojehona.mk\/wp-content\/uploads\/2024\/12\/IMG_9978-1024x574.jpeg 1024w, https:\/\/radiojehona.mk\/wp-content\/uploads\/2024\/12\/IMG_9978-300x168.jpeg 300w, https:\/\/radiojehona.mk\/wp-content\/uploads\/2024\/12\/IMG_9978-768x431.jpeg 768w, https:\/\/radiojehona.mk\/wp-content\/uploads\/2024\/12\/IMG_9978.jpeg 1125w\" sizes=\"(max-width: 1024px) 100vw, 1024px\" \/><\/figure>\n\n\n\n<p>Qendra Komb\u00ebtare e Krizave n\u00eb Belgjik\u00eb u rekomandoi qytetar\u00ebve t\u00eb p\u00ebrgatisin \u00e7ant\u00ebn e situat\u00ebs emergjente p\u00ebr t\u2019u p\u00ebrdorur n\u00eb situata t\u00eb mundshme lufte ose krize, transmeton Anadolu.<\/p>\n\n\n\n<p>Sipas mediave belge, Qendra Komb\u00ebtare e Krizave ka dh\u00ebn\u00eb rekomandime t\u00eb reja p\u00ebr popullat\u00ebn p\u00ebr shkak t\u00eb ndryshimit t\u00eb situat\u00ebs s\u00eb siguris\u00eb n\u00eb Evrop\u00eb dhe k\u00ebrc\u00ebnimit p\u00ebr luft\u00eb me Rusin\u00eb.<\/p>\n\n\n\n<p>N\u00eb kuad\u00ebr t\u00eb k\u00ebsaj u rekomandua mbajtja e nj\u00eb \u00e7ante emergjence n\u00eb sht\u00ebpi p\u00ebr t\u00eb qen\u00eb t\u00eb p\u00ebrgatitur p\u00ebr problemet dhe krizat e mundshme.<\/p>\n\n\n\n<p>Krahas nj\u00eb pakete baz\u00eb q\u00eb p\u00ebrmban fasha, fasha p\u00ebr plag\u00eb, g\u00ebrsh\u00ebr\u00eb, piskatore, gjilp\u00ebr\u00eb grep, qet\u00ebsues, dezinfektues si dhe medikamente t\u00eb r\u00ebnd\u00ebsishme q\u00eb p\u00ebrdoren n\u00eb paket\u00ebn e ndihm\u00ebs s\u00eb par\u00eb. N\u00eb \u00e7ant\u00ebn e emergjenc\u00ebs rekomandohet t\u00eb p\u00ebrfshihen shishe me uj\u00eb, karikues, bateri e transportueshme, dokumente t\u00eb r\u00ebnd\u00ebsishme si kart\u00eb identiteti dhe kopje t\u00eb kontratave t\u00eb sigurimit, elektrik dore me dinamo, bateri rezerv\u00eb, radio me bateri, shkrep\u00ebse si dhe sende shum\u00eb-funksionale.<\/p>\n\n\n\n<p>Nd\u00ebr sugjerimet ishin q\u00eb familjet me f\u00ebmij\u00eb t\u00eb vendosnin lodrat n\u00eb k\u00ebt\u00eb \u00e7ant\u00eb, ta mbajn\u00eb at\u00eb n\u00eb nj\u00eb vend t\u00eb njohur p\u00ebr t\u00eb gjith\u00eb n\u00eb sht\u00ebpi dhe t\u00eb kontrollojn\u00eb rregullisht p\u00ebrmbajtjen e saj.<\/p>\n\n\n\n<p>Sekretari i P\u00ebrgjithsh\u00ebm i NATO-s, Mark Rutte n\u00eb deklarat\u00ebn e tij jav\u00ebn e kaluar tha se Evropa nuk ishte mjaftuesh\u00ebm e p\u00ebrgatitur p\u00ebr rreziqet n\u00eb 4-5 vitet e ardhshme dhe se duhet t\u00eb kalohet n\u00eb mentalitetin e koh\u00ebs s\u00eb luft\u00ebs.<\/p>\n\n\n\n<p>Jav\u00ebn e kaluar, bankat holandeze k\u00ebshilluan qytetar\u00ebt t\u00eb mbanin para n\u00eb sht\u00ebpi me arsyetimin se k\u00ebrc\u00ebnimet gjeopolitike po rriteshin.<\/p>\n","protected":false},"excerpt":{"rendered":"<p>Qendra Komb&euml;tare e Krizave n&euml; Belgjik&euml; u rekomandoi qytetar&euml;ve t&euml; p&euml;rgatisin &ccedil;ant&euml;n e situat&euml;s emergjente p&euml;r t&rsquo;u p&euml;rdorur n&euml; situata t&euml; mundshme lufte ose krize, transmeton Anadolu. Sipas mediave belge, Qendra Komb&euml;tare e Krizave ka dh&euml;n&euml; rekomandime t&euml; reja p&euml;r popullat&euml;n p&euml;r shkak t&euml; ndryshimit t&euml; situat&euml;s s&euml; siguris&euml; n&euml; Evrop&euml; dhe k&euml;rc&euml;nimit p&euml;r luft&euml; [&hellip;]<\/p>\n","protected":false},"author":2,"featured_media":39169,"comment_status":"open","ping_status":"closed","sticky":false,"template":"","format":"standard","meta":{"_monsterinsights_skip_tracking":false,"_monsterinsights_sitenote_active":false,"_monsterinsights_sitenote_note":"","_monsterinsights_sitenote_category":0,"footnotes":""},"categories":[569],"tags":[],"class_list":["post-39168","post","type-post","status-publish","format-standard","has-post-thumbnail","hentry","category-bota"],"_links":{"self":[{"href":"https:\/\/radiojehona.mk\/index.php?rest_route=\/wp\/v2\/posts\/39168","targetHints":{"allow":["GET"]}}],"collection":[{"href":"https:\/\/radiojehona.mk\/index.php?rest_route=\/wp\/v2\/posts"}],"about":[{"href":"https:\/\/radiojehona.mk\/index.php?rest_route=\/wp\/v2\/types\/post"}],"author":[{"embeddable":true,"href":"https:\/\/radiojehona.mk\/index.php?rest_route=\/wp\/v2\/users\/2"}],"replies":[{"embeddable":true,"href":"https:\/\/radiojehona.mk\/index.php?rest_route=%2Fwp%2Fv2%2Fcomments&post=39168"}],"version-history":[{"count":1,"href":"https:\/\/radiojehona.mk\/index.php?rest_route=\/wp\/v2\/posts\/39168\/revisions"}],"predecessor-version":[{"id":39170,"href":"https:\/\/radiojehona.mk\/index.php?rest_route=\/wp\/v2\/posts\/39168\/revisions\/39170"}],"wp:featuredmedia":[{"embeddable":true,"href":"https:\/\/radiojehona.mk\/index.php?rest_route=\/wp\/v2\/media\/39169"}],"wp:attachment":[{"href":"https:\/\/radiojehona.mk\/index.php?rest_route=%2Fwp%2Fv2%2Fmedia&parent=39168"}],"wp:term":[{"taxonomy":"category","embeddable":true,"href":"https:\/\/radiojehona.mk\/index.php?rest_route=%2Fwp%2Fv2%2Fcategories&post=39168"},{"taxonomy":"post_tag","embeddable":true,"href":"https:\/\/radiojehona.mk\/index.php?rest_route=%2Fwp%2Fv2%2Ftags&post=39168"}],"curies":[{"name":"wp","href":"https:\/\/api.w.org\/{rel}","templated":true}]}}