{"id":39164,"date":"2024-12-19T18:24:51","date_gmt":"2024-12-19T18:24:51","guid":{"rendered":"https:\/\/radiojehona.com\/?p=39164"},"modified":"2024-12-19T18:25:14","modified_gmt":"2024-12-19T18:25:14","slug":"putin-shpreh-gadishmeri-per-negociata-por-perserit-kerkesat-qe-jane-hedhur-poshte-nga-kievi-dhe-perendimi","status":"publish","type":"post","link":"https:\/\/radiojehona.mk\/?p=39164","title":{"rendered":"Putin shpreh gadishm\u00ebri p\u00ebr negociata, por p\u00ebrs\u00ebrit k\u00ebrkesat q\u00eb jan\u00eb hedhur posht\u00eb nga Kievi dhe Per\u00ebndimi"},"content":{"rendered":"\n<figure class=\"wp-block-image size-full\"><img fetchpriority=\"high\" decoding=\"async\" width=\"770\" height=\"423\" src=\"https:\/\/radiojehona.com\/wp-content\/uploads\/2024\/11\/PUTIN.jpg\" alt=\"\" class=\"wp-image-37338\" srcset=\"https:\/\/radiojehona.mk\/wp-content\/uploads\/2024\/11\/PUTIN.jpg 770w, https:\/\/radiojehona.mk\/wp-content\/uploads\/2024\/11\/PUTIN-300x165.jpg 300w, https:\/\/radiojehona.mk\/wp-content\/uploads\/2024\/11\/PUTIN-768x422.jpg 768w\" sizes=\"(max-width: 770px) 100vw, 770px\" \/><\/figure>\n\n\n\n<p>Presidenti rus Vladimir Putin tha t\u00eb enjten se Rusia nuk ka parakushte p\u00ebr t\u00eb filluar bisedimet me Kievin p\u00ebr nj\u00eb marr\u00ebveshje t\u00eb mundshme paqeje, por p\u00ebrs\u00ebri iu referua k\u00ebrkesave0 q\u00eb ka p\u00ebrmendur m\u00eb par\u00eb p\u00ebr fundin e luft\u00ebs. N\u00eb konferenc\u00ebn e tij t\u00eb fundit t\u00eb vitit me gazetar\u00ebt, q\u00eb presidenti rus e p\u00ebrdor p\u00ebr t\u00eb projektuar pushtetin e tij t\u00eb gjithansh\u00ebm, ai tha se \u00ebsht\u00eb i gatsh\u00ebm p\u00ebr kompromis me Presidentin e zgjedhur Donald Trump lidhur me Ukrain\u00ebn.<\/p>\n\n\n\n<p>Presidenti rus tha se nj\u00eb marr\u00ebveshje paraprake n\u00eb Stamboll, disa muaj pas fillimit t\u00eb luft\u00ebs, mund t\u00eb sh\u00ebrbej\u00eb si baz\u00eb p\u00ebr diskutimet e ardhshme.<br><br><em>\u201cN\u00eb fund t\u00eb fundit, ne arrit\u00ebm n\u00eb thelb nj\u00eb marr\u00ebveshje n\u00eb Stamboll n\u00eb fund t\u00eb vitit 2022. Dhe, po e p\u00ebrs\u00ebris p\u00ebr t\u00eb 100 her\u00eb, se pala ukrainase vuri inicialet, q\u00eb do t\u00eb thot\u00eb se ata n\u00eb p\u00ebrgjith\u00ebsi ishin dakord me t\u00eb, dhe m\u00eb pas p\u00ebr disa arsye e refuzuan\u201d, tha ai.<\/em><\/p>\n\n\n\n<p>Duke iu p\u00ebrgjigjur k\u00ebtij pretendimi, Presidenti ukrainas Volodymyr Zelenskiy, gjat\u00eb nj\u00eb konferenc\u00eb shtypi n\u00eb Bruksel mohoi t\u00eb kishte pasur nj\u00eb marr\u00ebveshje n\u00eb Stamboll mes Ukrain\u00ebs dhe Rusis\u00eb.<br><br><em>\u201cUkraina nuk ra dakord me ultimatumin e Federat\u00ebs Ruse. Ukraina nuk n\u00ebnshkroi asgj\u00eb, nuk pati asnj\u00eb marr\u00ebveshje. Kishte nj\u00eb p\u00ebrgjigje ndaj ultimatumit nga Federata Ruse\u201d, tha ai.<\/em><br><br>Presidenti Putin e p\u00ebrdori konferenc\u00ebn e shtypit t\u00eb fundvitit, q\u00eb si zakonisht ishte e orkestruar deri n\u00eb detaje, p\u00ebr t\u00eb p\u00ebrforcuar autoritetin e tij dhe p\u00ebr t\u00eb demonstruar se ka kontroll p\u00ebr \u00e7do gj\u00eb n\u00eb vend.<br><br>Ai tha se \u00ebsht\u00eb i gatsh\u00ebm t\u00eb bisedoj\u00eb me Presidentin e ardhsh\u00ebm amerikan Donald Trump p\u00ebr p\u00ebrfundimin e luft\u00ebs.<\/p>\n\n\n\n<p><em>\u201cDhe ne gjithmon\u00eb kemi th\u00ebn\u00eb se jemi gati p\u00ebr negociata dhe kompromise. \u00cbsht\u00eb pik\u00ebrisht pala kund\u00ebrshtare \u2026 q\u00eb ka refuzuar t\u00eb negocioj\u00eb. Ne jemi gjithmon\u00eb t\u00eb gatsh\u00ebm p\u00ebr nj\u00eb gj\u00eb t\u00eb till\u00eb\u201d, tha ai.<\/em><br><br>Por n\u00eb t\u00eb nj\u00ebjt\u00ebn koh\u00eb, ai shtoi se bisedimet duhet t\u00eb bazohen tek \u201csituata n\u00eb terren\u201d duke iu referuar disa kushteve q\u00eb i ka parashtruar m\u00eb par\u00eb. Putini ka k\u00ebrkuar q\u00eb Ukraina t\u00eb heq\u00eb dor\u00eb nga aspirata p\u00ebr t\u2019u an\u00ebtar\u00ebsuar n\u00eb NATO dhe t\u00eb pranoj\u00eb arritjet e Rusis\u00eb n\u00eb fush\u00ebn e betej\u00ebs. Kievi dhe Per\u00ebndimi i kan\u00eb hedhur posht\u00eb k\u00ebto k\u00ebrkesa.<br><br>Zoti Trump i cili merr detyr\u00ebn m\u00eb 20 janar, \u00ebsht\u00eb zotuar t\u2019i jap\u00eb fund konfliktit me shpejt\u00ebsi, por nuk ka dh\u00ebn\u00eb detaje se si do ta b\u00ebj\u00eb k\u00ebt\u00eb. Ukrainasit druhen se ky premtim n\u00ebnkupton q\u00eb ata t\u00eb b\u00ebjn\u00eb l\u00ebshime territoriale.<br><br>Presidenti rus nuk e pranoi se pozitat e Rusis\u00eb n\u00eb luft\u00eb jan\u00eb dob\u00ebsuar, megjith\u00ebse p\u00ebrparimi i trupave ruse ka qen\u00eb i ngadalt\u00eb dhe Kremlini ka p\u00ebsuar disa humbje t\u00eb konsiderueshme.<br><br><em>\u201cUn\u00eb kam nj\u00eb k\u00ebndv\u00ebshtrim tjet\u00ebr. Un\u00eb besoj se Rusia \u00ebsht\u00eb b\u00ebr\u00eb shum\u00eb m\u00eb e fort\u00eb gjat\u00eb dy-tre viteve t\u00eb fundit. Pse? Sepse ne po b\u00ebhemi nj\u00eb vend v\u00ebrtet sovran. Ne nuk jemi m\u00eb t\u00eb varur nga askush\u201d, tha ai.<\/em><br><br>Duke folur p\u00ebr doktrin\u00ebn e rishikuar b\u00ebrthamore t\u00eb vendit, zoti Putin tha se ajo ka si synim reagimin e Mosk\u00ebs ndaj vendeve me aft\u00ebsi b\u00ebrthamore ose pa k\u00ebto aft\u00ebsi q\u00eb mund t\u00eb kryejn\u00eb agresion ndaj Rusis\u00eb, duke paralajm\u00ebruar k\u00ebshtu p\u00ebrs\u00ebri Per\u00ebndimin.<br><br><em>\u201cN\u00ebse vende t\u00eb tilla dhe aleat\u00ebt e tyre p\u00ebrb\u00ebjn\u00eb k\u00ebrc\u00ebnim p\u00ebr sovranitetin ton\u00eb, vet\u00eb ekzistenc\u00ebn e Rusis\u00eb, at\u00ebher\u00eb ne do ta konsiderojm\u00eb veten n\u00eb t\u00eb drejt\u00ebn ton\u00eb p\u00ebr t\u00eb p\u00ebrdorur arm\u00ebt b\u00ebrthamore kund\u00ebr tyre\u201d, tha ai.<\/em><br><br>Presidenti Putin, i cili \u00ebsht\u00eb n\u00eb pushtet p\u00ebr gati nj\u00eb \u00e7erek shekulli dhe filloi nj\u00eb mandat tjet\u00ebr gjasht\u00ebvje\u00e7ar n\u00eb fillim t\u00eb k\u00ebtij viti, tha se forcat ruse po l\u00ebviznin drejt arritjes s\u00eb q\u00ebllimeve t\u00eb tyre kryesore n\u00eb Ukrain\u00eb. Moska e filloi agresionin frontal kund\u00ebr Ukrain\u00ebs n\u00eb shkurt 2022. \/VOA<\/p>\n","protected":false},"excerpt":{"rendered":"<p>Presidenti rus Vladimir Putin tha t&euml; enjten se Rusia nuk ka parakushte p&euml;r t&euml; filluar bisedimet me Kievin p&euml;r nj&euml; marr&euml;veshje t&euml; mundshme paqeje, por p&euml;rs&euml;ri iu referua k&euml;rkesave0 q&euml; ka p&euml;rmendur m&euml; par&euml; p&euml;r fundin e luft&euml;s. N&euml; konferenc&euml;n e tij t&euml; fundit t&euml; vitit me gazetar&euml;t, q&euml; presidenti rus e p&euml;rdor p&euml;r t&euml; [&hellip;]<\/p>\n","protected":false},"author":2,"featured_media":37338,"comment_status":"open","ping_status":"closed","sticky":false,"template":"","format":"standard","meta":{"_monsterinsights_skip_tracking":false,"_monsterinsights_sitenote_active":false,"_monsterinsights_sitenote_note":"","_monsterinsights_sitenote_category":0,"footnotes":""},"categories":[569],"tags":[],"class_list":["post-39164","post","type-post","status-publish","format-standard","has-post-thumbnail","hentry","category-bota"],"_links":{"self":[{"href":"https:\/\/radiojehona.mk\/index.php?rest_route=\/wp\/v2\/posts\/39164","targetHints":{"allow":["GET"]}}],"collection":[{"href":"https:\/\/radiojehona.mk\/index.php?rest_route=\/wp\/v2\/posts"}],"about":[{"href":"https:\/\/radiojehona.mk\/index.php?rest_route=\/wp\/v2\/types\/post"}],"author":[{"embeddable":true,"href":"https:\/\/radiojehona.mk\/index.php?rest_route=\/wp\/v2\/users\/2"}],"replies":[{"embeddable":true,"href":"https:\/\/radiojehona.mk\/index.php?rest_route=%2Fwp%2Fv2%2Fcomments&post=39164"}],"version-history":[{"count":3,"href":"https:\/\/radiojehona.mk\/index.php?rest_route=\/wp\/v2\/posts\/39164\/revisions"}],"predecessor-version":[{"id":39167,"href":"https:\/\/radiojehona.mk\/index.php?rest_route=\/wp\/v2\/posts\/39164\/revisions\/39167"}],"wp:featuredmedia":[{"embeddable":true,"href":"https:\/\/radiojehona.mk\/index.php?rest_route=\/wp\/v2\/media\/37338"}],"wp:attachment":[{"href":"https:\/\/radiojehona.mk\/index.php?rest_route=%2Fwp%2Fv2%2Fmedia&parent=39164"}],"wp:term":[{"taxonomy":"category","embeddable":true,"href":"https:\/\/radiojehona.mk\/index.php?rest_route=%2Fwp%2Fv2%2Fcategories&post=39164"},{"taxonomy":"post_tag","embeddable":true,"href":"https:\/\/radiojehona.mk\/index.php?rest_route=%2Fwp%2Fv2%2Ftags&post=39164"}],"curies":[{"name":"wp","href":"https:\/\/api.w.org\/{rel}","templated":true}]}}