{"id":39160,"date":"2024-12-19T18:21:51","date_gmt":"2024-12-19T18:21:51","guid":{"rendered":"https:\/\/radiojehona.com\/?p=39160"},"modified":"2024-12-19T18:21:52","modified_gmt":"2024-12-19T18:21:52","slug":"koalicioni-per-lirine-e-mediave-u-beri-thirrje-mediave-evropiane-te-raportojne-per-luften-per-liri-te-qytetareve-te-serbise","status":"publish","type":"post","link":"https:\/\/radiojehona.mk\/?p=39160","title":{"rendered":"Koalicioni p\u00ebr Lirin\u00eb e Mediave u b\u00ebri thirrje mediave evropiane t\u00eb raportojn\u00eb p\u00ebr luft\u00ebn p\u00ebr liri t\u00eb qytetar\u00ebve t\u00eb Serbis\u00eb"},"content":{"rendered":"\n<figure class=\"wp-block-image size-large\"><img fetchpriority=\"high\" decoding=\"async\" width=\"1024\" height=\"716\" src=\"https:\/\/radiojehona.com\/wp-content\/uploads\/2024\/12\/IMG_9976-1024x716.jpeg\" alt=\"\" class=\"wp-image-39161\" srcset=\"https:\/\/radiojehona.mk\/wp-content\/uploads\/2024\/12\/IMG_9976-1024x716.jpeg 1024w, https:\/\/radiojehona.mk\/wp-content\/uploads\/2024\/12\/IMG_9976-300x210.jpeg 300w, https:\/\/radiojehona.mk\/wp-content\/uploads\/2024\/12\/IMG_9976-768x537.jpeg 768w, https:\/\/radiojehona.mk\/wp-content\/uploads\/2024\/12\/IMG_9976.jpeg 1125w\" sizes=\"(max-width: 1024px) 100vw, 1024px\" \/><\/figure>\n\n\n\n<p>Koalicioni p\u00ebr Lirin\u00eb e Medias ftoi mediat evropiane q\u00eb t\u00eb vijn\u00eb n\u00eb Serbi dhe t\u00eb raportojn\u00eb p\u00ebr \u201cluft\u00ebn p\u00ebr lirin\u00eb e qytetar\u00ebve t\u00eb Serbis\u00eb nga regjimi autokratik i Aleksandar Vu\u00e7iqit\u201d.<\/p>\n\n\n\n<p>\u201cJu ftojm\u00eb t\u00eb informoni publikun e vendeve tuaja p\u00ebr ngjarjet n\u00eb Serbi, si dhe p\u00ebr veprimet e disa zyrtar\u00ebve t\u00eb lart\u00eb t\u00eb vendeve evropiane, t\u00eb cil\u00ebt edhe n\u00eb k\u00ebt\u00eb moment mb\u00ebshtesin me k\u00ebmb\u00ebngulje tiranin e vog\u00ebl ballkanik q\u00eb po merret me qytetar\u00ebt e vet dhe t\u00eb cil\u00ebve ua mori shtetin&#8230;. Nuk e dim\u00eb pse po e b\u00ebjn\u00eb, por cilado qoft\u00eb arsyeja, duhet t\u00eb ken\u00eb turp\u201d, thuhet n\u00eb njoftimin e Koalicionit p\u00ebr Lirin\u00eb e Medias.<\/p>\n\n\n\n<p>Ata kujtuan se nj\u00eb tragjedi ndodhi n\u00eb Novi Sad m\u00eb 1 n\u00ebntor, kur vdiq\u00ebn 15 persona dhe dy t\u00eb plagosur r\u00ebnd\u00eb, pasi nj\u00eb streh\u00eb prej betoni t\u00eb armuar me pesh\u00eb disa dhjet\u00ebra ton\u00eb ra mbi ta nga godina e rinovuar s\u00eb fundi e stacionit kryesor hekurudhor n\u00eb at\u00eb qytet.<\/p>\n\n\n\n<p>Ata deklaruan se ishte nj\u00eb projekt shtet\u00ebror q\u00eb u realizua n\u00eb bashk\u00ebpunim me kompani nga Kina dhe se si t\u00eb gjitha projektet e ngjashme, ishte shpallur sekret shtet\u00ebror dhe i fshehur nga publiku.<\/p>\n\n\n\n<p><a href=\"https:\/\/kosovapress.com\/bdi-ministri-i-shendetesise-ne-dubai-ndersa-femijet-vdesin-ne-klinike\"><\/a><\/p>\n\n\n\n<p>Ata vler\u00ebsuan se reagimi i qeveris\u00eb ndaj protestave civile t\u00eb udh\u00ebhequra masivisht nga t\u00eb rinjt\u00eb ishte represioni.<\/p>\n\n\n\n<p>\u201cPolicia, prokuroria dhe gjykatat, n\u00eb vend q\u00eb t\u00eb ofrojn\u00eb nj\u00eb hetim t\u00eb pavarur, jan\u00eb v\u00ebn\u00eb n\u00eb sh\u00ebrbim t\u00eb regjimit dhe po marrin pjes\u00eb n\u00eb fshehjen e provave t\u00eb tragjedis\u00eb. Policia arreston aktivist\u00eb t\u00eb rinj, student\u00eb, politikan\u00eb t\u00eb opozit\u00ebs, nd\u00ebrsa n\u00eb t\u00eb nj\u00ebjt\u00ebn koh\u00eb refuzon t\u00eb arrestoj\u00eb bandit\u00eb q\u00eb mor\u00ebn pjes\u00eb n\u00eb sulmet fizike ndaj demonstruesve dhe q\u00eb shkat\u00ebrruan pron\u00ebn ton\u00eb t\u00eb p\u00ebrbashk\u00ebt, si\u00e7 \u00ebsht\u00eb Bashkia n\u00eb Novi Sad\u201d, thuhet n\u00eb let\u00ebr.<\/p>\n\n\n\n<p>Shtohet se reagimi i qytetar\u00ebve ndaj represionit ishte i till\u00eb q\u00eb protestat dita-dit\u00ebs po b\u00ebhen m\u00eb masive.<\/p>\n\n\n\n<p>\u201cN\u00eb k\u00ebt\u00eb drejtim jan\u00eb student\u00ebt, t\u00eb cil\u00ebt kan\u00eb bllokuar m\u00eb shum\u00eb se 50 fakultete n\u00eb t\u00eb gjith\u00eb Serbin\u00eb dhe q\u00eb k\u00ebrkojn\u00eb t\u00eb v\u00ebrtet\u00ebn dhe drejt\u00ebsin\u00eb. Atyre u jan\u00eb bashkuar edhe gjimnazist\u00eb, duke bllokuar shkollat e tyre, duke k\u00ebrkuar gjithashtu t\u00eb v\u00ebrtet\u00ebn dhe drejt\u00ebsin\u00eb. T\u00eb gjith\u00eb ata kan\u00eb mb\u00ebshtetjen e prind\u00ebrve, gjysh\u00ebrve, t\u00eb af\u00ebrmve dhe miqve t\u00eb tyre. Rebelimi po p\u00ebrhapet n\u00eb Serbi dhe regjimi i Vu\u00e7iqit \u00ebsht\u00eb n\u00eb panik, q\u00eb do t\u00eb thot\u00eb se nuk duhet t\u00eb p\u00ebrjashtohet mund\u00ebsia e dhun\u00ebs edhe m\u00eb brutale\u201d, paralajm\u00ebroi koalicioni.<\/p>\n\n\n\n<p>Ata kolektivisht u b\u00ebn\u00eb thirrje gazetar\u00ebve evropian\u00eb q\u00eb t\u00eb vijn\u00eb dhe t\u00eb raportojn\u00eb p\u00ebr ngjarjet n\u00eb Serbi.<\/p>\n\n\n\n<p>&#8220;Ne gjithashtu e kuptojm\u00eb kompleksitetin e situat\u00ebs gjeopolitike, por ju ftojm\u00eb t\u00eb vini k\u00ebtu, n\u00eb zem\u00ebr t\u00eb Evrop\u00ebs, dhe t\u00eb shihni vet\u00eb luft\u00ebn e drejt\u00eb t\u00eb qytetar\u00ebve tan\u00eb, e cila &#8211; me krenari themi &#8211; mund t\u00eb jet\u00eb nj\u00eb shembull p\u00ebr gjith\u00eb Evrop\u00ebn\u201d, thot\u00eb Koalicioni p\u00ebr Lirin\u00eb e Medias.<\/p>\n\n\n\n<p>Koalicioni p\u00ebr Lirin\u00eb e Medias p\u00ebrb\u00ebhet nga Asociacioni i Mediave, Shoqata e Mediave Online (AOM), Shoqata e Gazetar\u00ebve t\u00eb Pavarur t\u00eb Vojvodin\u00ebs (NDNV), Shoqata e Pavarur e Gazetar\u00ebve t\u00eb Serbis\u00eb (NUNS), Shoqata e Biznesit t\u00eb Shoqat\u00ebs s\u00eb Mediave Lokale dhe t\u00eb Pavarura \u201cLokal Press\u201d, Fondacioni Slavko \u00c7uruvija dhe Sindikata e deg\u00ebs s\u00eb Kultur\u00ebs, Artit dhe Medias \u201cPavar\u00ebsia\u201d.\/N1\/<\/p>\n","protected":false},"excerpt":{"rendered":"<p>Koalicioni p&euml;r Lirin&euml; e Medias ftoi mediat evropiane q&euml; t&euml; vijn&euml; n&euml; Serbi dhe t&euml; raportojn&euml; p&euml;r &ldquo;luft&euml;n p&euml;r lirin&euml; e qytetar&euml;ve t&euml; Serbis&euml; nga regjimi autokratik i Aleksandar Vu&ccedil;iqit&rdquo;. &ldquo;Ju ftojm&euml; t&euml; informoni publikun e vendeve tuaja p&euml;r ngjarjet n&euml; Serbi, si dhe p&euml;r veprimet e disa zyrtar&euml;ve t&euml; lart&euml; t&euml; vendeve evropiane, t&euml; [&hellip;]<\/p>\n","protected":false},"author":2,"featured_media":39161,"comment_status":"open","ping_status":"closed","sticky":false,"template":"","format":"standard","meta":{"_monsterinsights_skip_tracking":false,"_monsterinsights_sitenote_active":false,"_monsterinsights_sitenote_note":"","_monsterinsights_sitenote_category":0,"footnotes":""},"categories":[576],"tags":[],"class_list":["post-39160","post","type-post","status-publish","format-standard","has-post-thumbnail","hentry","category-rajoni"],"_links":{"self":[{"href":"https:\/\/radiojehona.mk\/index.php?rest_route=\/wp\/v2\/posts\/39160","targetHints":{"allow":["GET"]}}],"collection":[{"href":"https:\/\/radiojehona.mk\/index.php?rest_route=\/wp\/v2\/posts"}],"about":[{"href":"https:\/\/radiojehona.mk\/index.php?rest_route=\/wp\/v2\/types\/post"}],"author":[{"embeddable":true,"href":"https:\/\/radiojehona.mk\/index.php?rest_route=\/wp\/v2\/users\/2"}],"replies":[{"embeddable":true,"href":"https:\/\/radiojehona.mk\/index.php?rest_route=%2Fwp%2Fv2%2Fcomments&post=39160"}],"version-history":[{"count":2,"href":"https:\/\/radiojehona.mk\/index.php?rest_route=\/wp\/v2\/posts\/39160\/revisions"}],"predecessor-version":[{"id":39163,"href":"https:\/\/radiojehona.mk\/index.php?rest_route=\/wp\/v2\/posts\/39160\/revisions\/39163"}],"wp:featuredmedia":[{"embeddable":true,"href":"https:\/\/radiojehona.mk\/index.php?rest_route=\/wp\/v2\/media\/39161"}],"wp:attachment":[{"href":"https:\/\/radiojehona.mk\/index.php?rest_route=%2Fwp%2Fv2%2Fmedia&parent=39160"}],"wp:term":[{"taxonomy":"category","embeddable":true,"href":"https:\/\/radiojehona.mk\/index.php?rest_route=%2Fwp%2Fv2%2Fcategories&post=39160"},{"taxonomy":"post_tag","embeddable":true,"href":"https:\/\/radiojehona.mk\/index.php?rest_route=%2Fwp%2Fv2%2Ftags&post=39160"}],"curies":[{"name":"wp","href":"https:\/\/api.w.org\/{rel}","templated":true}]}}