{"id":39154,"date":"2024-12-19T17:53:55","date_gmt":"2024-12-19T17:53:55","guid":{"rendered":"https:\/\/radiojehona.com\/?p=39154"},"modified":"2024-12-19T17:53:55","modified_gmt":"2024-12-19T17:53:55","slug":"dauti-interpelanca-nuk-eshte-kunder-meje-por-kunder-personave-te-cilet-luftojne-per-trajtim-te-barabarte-per-te-gjithe-qytetaret","status":"publish","type":"post","link":"https:\/\/radiojehona.mk\/?p=39154","title":{"rendered":"DAUTI: INTERPELANCA NUK \u00cbSHT\u00cb KUND\u00cbR MEJE, POR KUND\u00cbR PERSONAVE T\u00cb CIL\u00cbT LUFTOJN\u00cb P\u00cbR TRAJTIM T\u00cb BARABART\u00cb P\u00cbR T\u00cb GJITH\u00cb QYTETAR\u00cbT"},"content":{"rendered":"\n<figure class=\"wp-block-image size-large\"><img fetchpriority=\"high\" decoding=\"async\" width=\"1024\" height=\"835\" src=\"https:\/\/radiojehona.com\/wp-content\/uploads\/2024\/12\/IMG_9973-1024x835.jpeg\" alt=\"\" class=\"wp-image-39155\" srcset=\"https:\/\/radiojehona.mk\/wp-content\/uploads\/2024\/12\/IMG_9973-1024x835.jpeg 1024w, https:\/\/radiojehona.mk\/wp-content\/uploads\/2024\/12\/IMG_9973-300x245.jpeg 300w, https:\/\/radiojehona.mk\/wp-content\/uploads\/2024\/12\/IMG_9973-768x626.jpeg 768w, https:\/\/radiojehona.mk\/wp-content\/uploads\/2024\/12\/IMG_9973.jpeg 1125w\" sizes=\"(max-width: 1024px) 100vw, 1024px\" \/><\/figure>\n\n\n\n<p>\u00a0Ilire Dauti, deputetja e \u201cFrontit Evropian\u201d dhe kryetarja e Komisionit parlamentar p\u00ebr Politik\u00eb Sociale, Demografi dhe Rini sot n\u00eb deklarat\u00eb p\u00ebr mediat theksoi se\u00a0 interpelanc\u00ebn e dor\u00ebzuar p\u00ebr t\u00eb nga deputet\u00ebt e \u201cS\u00eb Majt\u00ebs\u201d nuk e sheh si personale kund\u00ebr saj, por, si\u00e7 tha, si nj\u00eb luft\u00eb kund\u00ebr personave q\u00eb luftojn\u00eb p\u00ebr trajtim t\u00eb barabart\u00eb p\u00ebr t\u00eb gjith\u00eb qytetar\u00ebt.<\/p>\n\n\n\n<p>\u201cDuhet t\u00eb jemi t\u00eb preokupuar me interpelanc\u00ebn, pasi di\u00e7ka e till\u00eb m\u00eb par\u00eb asnj\u00ebher\u00eb nuk ka ndodhur. Mendoj se kjo nuk do t\u00eb jet\u00eb e drejt\u00eb p\u00ebr demokracin\u00eb, p\u00ebr njer\u00ebzit t\u00eb cil\u00ebt k\u00ebrkojn\u00eb barazi p\u00ebr t\u00eb gjith\u00eb qytetar\u00ebt. Interpelanc\u00ebn nuk e shoh si personale kund\u00ebr meje, por, si nj\u00eb luft\u00eb kund\u00ebr njer\u00ebzve t\u00eb cil\u00ebt po luftojn\u00eb p\u00ebr trajtim t\u00eb barabart\u00eb p\u00ebr t\u00eb gjith\u00eb qytetar\u00ebt, n\u00eb k\u00ebt\u00eb rast edhe kund\u00ebr pal\u00ebs tjet\u00ebr, ish ushtarak\u00ebve t\u00eb U\u00c7K-s\u00eb, q\u00eb mor\u00ebn pjes\u00eb n\u00eb konfliktin ushtarak n\u00eb vitin 2001\u201d, tha ajo.<\/p>\n\n\n\n<p>Dauti potencoi se deri tani ka punuar n\u00eb p\u00ebrputhje me Rregulloren e Kuvendit.<\/p>\n\n\n\n<p>\u201c\u00cbsht\u00eb e r\u00ebnd\u00ebsishme q\u00eb gjat\u00eb gjith\u00eb pun\u00ebs sime kam punuar n\u00eb p\u00ebrputhje me Rregulloren e Kuvendit dhe k\u00ebt\u00eb e kam b\u00ebr\u00eb edhe sot. N\u00ebse un\u00eb pranoj propozime, afatet e t\u00eb cilave tashm\u00eb kan\u00eb kaluar, at\u00ebher\u00eb do t\u00eb shkoja kund\u00ebr Rregullores s\u00eb Kuvendit\u201d, tha deputetja Dauti.<\/p>\n\n\n\n<p>Kryetari i Kuvendit, Afrim Gashi t\u00eb h\u00ebn\u00ebn filloi me shqyrtimin e interpelanc\u00ebs ndaj kryetares s\u00eb Komisionit parlamentar p\u00ebr Politik\u00eb Sociale, Demografi dhe Rini, Ilire Dauti, t\u00eb paraqitur nga deputet\u00ebt e \u201cS\u00eb Majt\u00ebs\u201d. Nga Aleanca p\u00ebr Shqiptar\u00ebt e Zijadin Sel\u00ebs, k\u00ebrkuan menj\u00ebher\u00eb q\u00eb ai t\u00eb t\u00ebrhiqet urgjentisht nga shqyrtimi i interpelanc\u00ebs.<\/p>\n\n\n\n<p>Nga Kabineti i Gashit potencuan at\u00ebher\u00eb se ai nuk ka t\u00eb drejt\u00eb diskrecionale q\u00eb t\u2019i bllokoj\u00eb interpelancat \u2013 ai \u00ebsht\u00eb i obliguar t\u2019i p\u00ebrcjell\u00eb n\u00eb procedur\u00eb t\u00eb m\u00ebtutjeshme, si\u00e7 ndodhi para disa muajsh kur kund\u00ebr tij personalisht ishte iniciuar interpelanca.<\/p>\n\n\n\n<p>\u201cKryetari i Kuvendit, Afrim Gashi siguron opinionin publik se t\u00eb gjitha procedurat parlamentare zhvillohen n\u00eb p\u00ebrputhje t\u00eb plot\u00eb me Rregulloren e Pun\u00ebs, Kushtetut\u00ebn dhe ligjet. Interpelanca kund\u00ebr znj. Ilire Dauti \u00ebsht\u00eb nj\u00eb nga pes\u00eb interpelancat q\u00eb jan\u00eb n\u00eb vazhdim, s\u00eb bashku me ato kund\u00ebr ministrit Mexhiti, z\u00ebvend\u00ebsministrit Iseni, ministrit Toshkovski dhe ministrit Stoilkoviq. \u00cbsht\u00eb me r\u00ebnd\u00ebsi t\u00eb theksohet se, sipas procedurave parlamentare, rezultati i interpelanc\u00ebs nuk do t\u00eb ndikoj\u00eb n\u00eb pozit\u00ebn e znj Dauti, si kryetare e Komisionit q\u00eb ajo drejton\u201d, theksohet n\u00eb reagimin e Kabinetit t\u00eb Gashit.<\/p>\n\n\n\n<p>Nga Aleanca p\u00ebr Shqiptar\u00ebt e Sel\u00ebs m\u00eb pas p\u00ebrmes nj\u00eb kumtese potencuan se koalicioni jolegjitim VLEN dhe kryetari i Kuvendit, Afrim Gashi kan\u00eb bashkuar forcat me \u201cT\u00eb Majt\u00ebn\u201d kund\u00ebr kryetares s\u00eb Komisionit p\u00ebr Politik\u00eb Sociale, Demografi dhe Rini, Ilire Dauti, p\u00ebr t\u00eb zhbllokuar ligjin p\u00ebr \u201cbranitellat\u201d.<\/p>\n","protected":false},"excerpt":{"rendered":"<p>&nbsp;Ilire Dauti, deputetja e &ldquo;Frontit Evropian&rdquo; dhe kryetarja e Komisionit parlamentar p&euml;r Politik&euml; Sociale, Demografi dhe Rini sot n&euml; deklarat&euml; p&euml;r mediat theksoi se&nbsp; interpelanc&euml;n e dor&euml;zuar p&euml;r t&euml; nga deputet&euml;t e &ldquo;S&euml; Majt&euml;s&rdquo; nuk e sheh si personale kund&euml;r saj, por, si&ccedil; tha, si nj&euml; luft&euml; kund&euml;r personave q&euml; luftojn&euml; p&euml;r trajtim t&euml; barabart&euml; [&hellip;]<\/p>\n","protected":false},"author":2,"featured_media":39155,"comment_status":"open","ping_status":"closed","sticky":false,"template":"","format":"standard","meta":{"_monsterinsights_skip_tracking":false,"_monsterinsights_sitenote_active":false,"_monsterinsights_sitenote_note":"","_monsterinsights_sitenote_category":0,"footnotes":""},"categories":[1],"tags":[],"class_list":["post-39154","post","type-post","status-publish","format-standard","has-post-thumbnail","hentry","category-vendi"],"_links":{"self":[{"href":"https:\/\/radiojehona.mk\/index.php?rest_route=\/wp\/v2\/posts\/39154","targetHints":{"allow":["GET"]}}],"collection":[{"href":"https:\/\/radiojehona.mk\/index.php?rest_route=\/wp\/v2\/posts"}],"about":[{"href":"https:\/\/radiojehona.mk\/index.php?rest_route=\/wp\/v2\/types\/post"}],"author":[{"embeddable":true,"href":"https:\/\/radiojehona.mk\/index.php?rest_route=\/wp\/v2\/users\/2"}],"replies":[{"embeddable":true,"href":"https:\/\/radiojehona.mk\/index.php?rest_route=%2Fwp%2Fv2%2Fcomments&post=39154"}],"version-history":[{"count":2,"href":"https:\/\/radiojehona.mk\/index.php?rest_route=\/wp\/v2\/posts\/39154\/revisions"}],"predecessor-version":[{"id":39157,"href":"https:\/\/radiojehona.mk\/index.php?rest_route=\/wp\/v2\/posts\/39154\/revisions\/39157"}],"wp:featuredmedia":[{"embeddable":true,"href":"https:\/\/radiojehona.mk\/index.php?rest_route=\/wp\/v2\/media\/39155"}],"wp:attachment":[{"href":"https:\/\/radiojehona.mk\/index.php?rest_route=%2Fwp%2Fv2%2Fmedia&parent=39154"}],"wp:term":[{"taxonomy":"category","embeddable":true,"href":"https:\/\/radiojehona.mk\/index.php?rest_route=%2Fwp%2Fv2%2Fcategories&post=39154"},{"taxonomy":"post_tag","embeddable":true,"href":"https:\/\/radiojehona.mk\/index.php?rest_route=%2Fwp%2Fv2%2Ftags&post=39154"}],"curies":[{"name":"wp","href":"https:\/\/api.w.org\/{rel}","templated":true}]}}