{"id":39142,"date":"2024-12-19T17:45:12","date_gmt":"2024-12-19T17:45:12","guid":{"rendered":"https:\/\/radiojehona.com\/?p=39142"},"modified":"2024-12-19T17:45:12","modified_gmt":"2024-12-19T17:45:12","slug":"a-do-te-shkaktoje-grubi-lekundjr-brenda-fe-seaziri-kjo-e-njollos-koalicionin-por-nuk-e-pengon-funksionimin","status":"publish","type":"post","link":"https:\/\/radiojehona.mk\/?p=39142","title":{"rendered":"A do t\u00eb  shkaktoj\u00eb Grubi l\u00ebkundjr brenda FE-s\u00eb?Aziri: Kjo e njollos koalicionin por nuk e pengon funksionimin"},"content":{"rendered":"\n<p><\/p>\n\n\n\n<figure class=\"wp-block-image size-large\"><img fetchpriority=\"high\" decoding=\"async\" width=\"1024\" height=\"608\" src=\"https:\/\/radiojehona.com\/wp-content\/uploads\/2024\/12\/IMG_9970-1024x608.jpeg\" alt=\"\" class=\"wp-image-39143\" srcset=\"https:\/\/radiojehona.mk\/wp-content\/uploads\/2024\/12\/IMG_9970-1024x608.jpeg 1024w, https:\/\/radiojehona.mk\/wp-content\/uploads\/2024\/12\/IMG_9970-300x178.jpeg 300w, https:\/\/radiojehona.mk\/wp-content\/uploads\/2024\/12\/IMG_9970-768x456.jpeg 768w, https:\/\/radiojehona.mk\/wp-content\/uploads\/2024\/12\/IMG_9970.jpeg 1125w\" sizes=\"(max-width: 1024px) 100vw, 1024px\" \/><\/figure>\n\n\n\n<p>Si do t\u00eb ndikojn\u00eb ndodhit\u00eb me Grubin n\u00eb marr\u00ebdh\u00ebniet mes partner\u00ebve t\u00eb koalicionit n\u00eb FE? Ish zv\/kryeministri u vendos n\u00eb list\u00ebn e zez\u00eb amerikane dhe pas ngritjes s\u00eb akuz\u00ebs kund\u00ebr tij p\u00ebr rastin Mashtrim n\u00eb Lotarin\u00eb shtet\u00ebrore u arratis dhe p\u00ebr k\u00ebt\u00eb \u00ebsht\u00eb l\u00ebshuar fletarrest nd\u00ebrkomb\u00ebtar. A mund kjo t\u00eb shkaktoj\u00eb l\u00ebkundje serioze brenda koalicionit. Elmi Aziri, n\u00ebnkryetar i ASH-s\u00eb q\u00eb \u00ebsht\u00eb pjes\u00eb e FE-s\u00eb, n\u00eb Daily Click tha se t\u00eb gjitha k\u00ebto e njollosin koalicionin, por nuk do t\u00eb ndikojn\u00eb n\u00eb kauz\u00ebn e frontit.<\/p>\n\n\n\n<p>Nd\u00ebrkoh\u00eb, vazhdojn\u00eb p\u00ebrplasjet nd\u00ebrpartiake dhe akuzat p\u00ebr at\u00eb se kush \u00ebsht\u00eb fajtori p\u00ebr arratisjen e Grubit. Nga LSDM drejtp\u00ebrs\u00ebdrejti gishtin e drejtojn\u00eb drejt ministrit t\u00eb brendsh\u00ebm Pan\u00e7e Toshkovski duke th\u00ebn\u00eb se ai \u00ebsht\u00eb fajtor duke pohuar se ai personalisht i ka zgjedhur polic\u00ebt q\u00eb ishin n\u00eb kufirin me Kosov\u00eb. Nuk b\u00ebhet fjal\u00eb p\u00ebr l\u00ebshim por p\u00ebr aksion t\u00eb koordinuar q\u00eb t\u2019i mund\u00ebsohet Grubit t\u00eb arratiset, akuzojn\u00eb nga partia opozitare dhe k\u00ebrkojn\u00eb dor\u00ebheqje nga Toshkovski.<\/p>\n\n\n\n<p>Nga VMRO-DPMNE e akuzojn\u00eb LSDM-n\u00eb se gjat\u00eb qeverisjes s\u00eb tyre dinin p\u00ebr krimet e Grubit, por nuk kan\u00eb reaguar me q\u00ebllim q\u00eb, si\u00e7 thon\u00eb, t\u00eb mos bie qeveria.<\/p>\n\n\n\n<p>Artan Grubi t\u00eb diel\u00ebn u arratis nga vendi n\u00eb kufirin Bllac\u00eb edhe pse duhej t\u00eb ndalej p\u00ebr shkak se p\u00ebr t\u00eb kishte mas\u00eb \u201cndaloje menj\u00ebher\u00eb dhe njofto\u201d. MPB ka marr\u00eb masa disiplinore kund\u00ebr 4 n\u00ebpun\u00ebsve policor\u00eb nd\u00ebrsa nj\u00eb prej tyre \u00ebsht\u00eb suspenduar.<\/p>\n","protected":false},"excerpt":{"rendered":"<p>Si do t&euml; ndikojn&euml; ndodhit&euml; me Grubin n&euml; marr&euml;dh&euml;niet mes partner&euml;ve t&euml; koalicionit n&euml; FE? Ish zv\/kryeministri u vendos n&euml; list&euml;n e zez&euml; amerikane dhe pas ngritjes s&euml; akuz&euml;s kund&euml;r tij p&euml;r rastin Mashtrim n&euml; Lotarin&euml; shtet&euml;rore u arratis dhe p&euml;r k&euml;t&euml; &euml;sht&euml; l&euml;shuar fletarrest nd&euml;rkomb&euml;tar. A mund kjo t&euml; shkaktoj&euml; l&euml;kundje serioze brenda koalicionit. [&hellip;]<\/p>\n","protected":false},"author":2,"featured_media":39143,"comment_status":"open","ping_status":"closed","sticky":false,"template":"","format":"standard","meta":{"_monsterinsights_skip_tracking":false,"_monsterinsights_sitenote_active":false,"_monsterinsights_sitenote_note":"","_monsterinsights_sitenote_category":0,"footnotes":""},"categories":[1],"tags":[],"class_list":["post-39142","post","type-post","status-publish","format-standard","has-post-thumbnail","hentry","category-vendi"],"_links":{"self":[{"href":"https:\/\/radiojehona.mk\/index.php?rest_route=\/wp\/v2\/posts\/39142","targetHints":{"allow":["GET"]}}],"collection":[{"href":"https:\/\/radiojehona.mk\/index.php?rest_route=\/wp\/v2\/posts"}],"about":[{"href":"https:\/\/radiojehona.mk\/index.php?rest_route=\/wp\/v2\/types\/post"}],"author":[{"embeddable":true,"href":"https:\/\/radiojehona.mk\/index.php?rest_route=\/wp\/v2\/users\/2"}],"replies":[{"embeddable":true,"href":"https:\/\/radiojehona.mk\/index.php?rest_route=%2Fwp%2Fv2%2Fcomments&post=39142"}],"version-history":[{"count":2,"href":"https:\/\/radiojehona.mk\/index.php?rest_route=\/wp\/v2\/posts\/39142\/revisions"}],"predecessor-version":[{"id":39145,"href":"https:\/\/radiojehona.mk\/index.php?rest_route=\/wp\/v2\/posts\/39142\/revisions\/39145"}],"wp:featuredmedia":[{"embeddable":true,"href":"https:\/\/radiojehona.mk\/index.php?rest_route=\/wp\/v2\/media\/39143"}],"wp:attachment":[{"href":"https:\/\/radiojehona.mk\/index.php?rest_route=%2Fwp%2Fv2%2Fmedia&parent=39142"}],"wp:term":[{"taxonomy":"category","embeddable":true,"href":"https:\/\/radiojehona.mk\/index.php?rest_route=%2Fwp%2Fv2%2Fcategories&post=39142"},{"taxonomy":"post_tag","embeddable":true,"href":"https:\/\/radiojehona.mk\/index.php?rest_route=%2Fwp%2Fv2%2Ftags&post=39142"}],"curies":[{"name":"wp","href":"https:\/\/api.w.org\/{rel}","templated":true}]}}