{"id":39138,"date":"2024-12-19T17:39:26","date_gmt":"2024-12-19T17:39:26","guid":{"rendered":"https:\/\/radiojehona.com\/?p=39138"},"modified":"2024-12-19T17:39:26","modified_gmt":"2024-12-19T17:39:26","slug":"fetai-lufta-kunder-korrupsionit-nje-prioritet-kyc-ne-rrugen-e-maqedonise-se-veriut-drejt-be-se","status":"publish","type":"post","link":"https:\/\/radiojehona.mk\/?p=39138","title":{"rendered":"Fetai: Lufta kund\u00ebr korrupsionit \u2013 nj\u00eb prioritet ky\u00e7 n\u00eb rrug\u00ebn e Maqedonis\u00eb s\u00eb Veriut drejt BE-s\u00eb"},"content":{"rendered":"\n<figure class=\"wp-block-image size-large\"><img fetchpriority=\"high\" decoding=\"async\" width=\"1024\" height=\"584\" src=\"https:\/\/radiojehona.com\/wp-content\/uploads\/2024\/12\/IMG_9969-1024x584.jpeg\" alt=\"\" class=\"wp-image-39139\" srcset=\"https:\/\/radiojehona.mk\/wp-content\/uploads\/2024\/12\/IMG_9969-1024x584.jpeg 1024w, https:\/\/radiojehona.mk\/wp-content\/uploads\/2024\/12\/IMG_9969-300x171.jpeg 300w, https:\/\/radiojehona.mk\/wp-content\/uploads\/2024\/12\/IMG_9969-768x438.jpeg 768w, https:\/\/radiojehona.mk\/wp-content\/uploads\/2024\/12\/IMG_9969.jpeg 1125w\" sizes=\"(max-width: 1024px) 100vw, 1024px\" \/><\/figure>\n\n\n\n<p>Z\u00ebvend\u00ebskryeministri Arben Fetai, sot mbajti fjal\u00eb hyr\u00ebse gjat\u00eb prezantimit t\u00eb Udh\u00ebzuesit t\u00eb par\u00eb p\u00ebr integrimin e masave kund\u00ebr korrupsionit n\u00eb kapitujt dhe klaster\u00ebt e negociatave me Bashkimin Evropian. Ky projekt, i mb\u00ebshtetur nga Qeveria e Suedis\u00eb dhe zbatuar nga UNOPS, \u00ebsht\u00eb nj\u00eb hap i r\u00ebnd\u00ebsish\u00ebm n\u00eb avancimin e agjend\u00ebs son\u00eb t\u00eb reformave.<\/p>\n\n\n\n<p>N\u00ebnkryetari Fetai, potencoi se lufta kund\u00ebr korrupsionit \u00ebsht\u00eb top prioritet strategjik p\u00ebr Qeverin\u00eb e Maqedonis\u00eb s\u00eb Veriut, me fokus n\u00eb forcimin e mekanizmave p\u00ebr parandalimin dhe adresimin e tij n\u00eb t\u00eb gjitha nivelet.<\/p>\n\n\n\n<p>P\u00ebrmes k\u00ebtij Udh\u00ebzuesi Qeveria synon\u00eb:<\/p>\n\n\n\n<p>\u2705 Forcimin e kapaciteteve institucionale p\u00ebr t\u00eb identifikuar dhe adresuar rreziqet e korrupsionit;<\/p>\n\n\n\n<p>\u2705 Krijimin e nj\u00eb model observatori p\u00ebr ndjekjen e rasteve t\u00eb korrupsionit, bazuar n\u00eb praktikat m\u00eb t\u00eb mira t\u00eb vendeve an\u00ebtare t\u00eb BE-s\u00eb;<\/p>\n\n\n\n<p>\u2705 Nd\u00ebrtimin e nj\u00eb qasjeje t\u00eb unifikuar qeveritare dhe masa t\u00eb standardizuara q\u00eb forcojn\u00eb transparenc\u00ebn, integritetin dhe llogaridh\u00ebnien.<\/p>\n\n\n\n<p>K\u00ebto hapa jan\u00eb thelb\u00ebsor\u00eb p\u00ebr ta afruar Maqedonin\u00eb e Veriut me standardet e BE-s\u00eb dhe p\u00ebr t\u00eb rikthyer besimin e qytetar\u00ebve n\u00eb institucionet e shtetit.<\/p>\n\n\n\n<p>Falenderoj Qeverin\u00eb e Suedis\u00eb dhe UNOPS p\u00ebr mb\u00ebshtetjen e tyre t\u00eb vazhdueshme, si dhe t\u00eb gjith\u00eb ata q\u00eb kontribuojn\u00eb n\u00eb k\u00ebt\u00eb proces transformues p\u00ebr t\u00eb garantuar nj\u00eb t\u00eb ardhme evropiane p\u00ebr vendin ton\u00eb!<\/p>\n","protected":false},"excerpt":{"rendered":"<p>Z&euml;vend&euml;skryeministri Arben Fetai, sot mbajti fjal&euml; hyr&euml;se gjat&euml; prezantimit t&euml; Udh&euml;zuesit t&euml; par&euml; p&euml;r integrimin e masave kund&euml;r korrupsionit n&euml; kapitujt dhe klaster&euml;t e negociatave me Bashkimin Evropian. Ky projekt, i mb&euml;shtetur nga Qeveria e Suedis&euml; dhe zbatuar nga UNOPS, &euml;sht&euml; nj&euml; hap i r&euml;nd&euml;sish&euml;m n&euml; avancimin e agjend&euml;s son&euml; t&euml; reformave. N&euml;nkryetari Fetai, potencoi [&hellip;]<\/p>\n","protected":false},"author":2,"featured_media":39139,"comment_status":"open","ping_status":"closed","sticky":false,"template":"","format":"standard","meta":{"_monsterinsights_skip_tracking":false,"_monsterinsights_sitenote_active":false,"_monsterinsights_sitenote_note":"","_monsterinsights_sitenote_category":0,"footnotes":""},"categories":[1],"tags":[],"class_list":["post-39138","post","type-post","status-publish","format-standard","has-post-thumbnail","hentry","category-vendi"],"_links":{"self":[{"href":"https:\/\/radiojehona.mk\/index.php?rest_route=\/wp\/v2\/posts\/39138","targetHints":{"allow":["GET"]}}],"collection":[{"href":"https:\/\/radiojehona.mk\/index.php?rest_route=\/wp\/v2\/posts"}],"about":[{"href":"https:\/\/radiojehona.mk\/index.php?rest_route=\/wp\/v2\/types\/post"}],"author":[{"embeddable":true,"href":"https:\/\/radiojehona.mk\/index.php?rest_route=\/wp\/v2\/users\/2"}],"replies":[{"embeddable":true,"href":"https:\/\/radiojehona.mk\/index.php?rest_route=%2Fwp%2Fv2%2Fcomments&post=39138"}],"version-history":[{"count":2,"href":"https:\/\/radiojehona.mk\/index.php?rest_route=\/wp\/v2\/posts\/39138\/revisions"}],"predecessor-version":[{"id":39141,"href":"https:\/\/radiojehona.mk\/index.php?rest_route=\/wp\/v2\/posts\/39138\/revisions\/39141"}],"wp:featuredmedia":[{"embeddable":true,"href":"https:\/\/radiojehona.mk\/index.php?rest_route=\/wp\/v2\/media\/39139"}],"wp:attachment":[{"href":"https:\/\/radiojehona.mk\/index.php?rest_route=%2Fwp%2Fv2%2Fmedia&parent=39138"}],"wp:term":[{"taxonomy":"category","embeddable":true,"href":"https:\/\/radiojehona.mk\/index.php?rest_route=%2Fwp%2Fv2%2Fcategories&post=39138"},{"taxonomy":"post_tag","embeddable":true,"href":"https:\/\/radiojehona.mk\/index.php?rest_route=%2Fwp%2Fv2%2Ftags&post=39138"}],"curies":[{"name":"wp","href":"https:\/\/api.w.org\/{rel}","templated":true}]}}