{"id":39134,"date":"2024-12-19T17:37:21","date_gmt":"2024-12-19T17:37:21","guid":{"rendered":"https:\/\/radiojehona.com\/?p=39134"},"modified":"2024-12-19T17:37:21","modified_gmt":"2024-12-19T17:37:21","slug":"dimitrovski-nuk-preket-gjuha-shqipe-as-marreveshja-e-ohrit","status":"publish","type":"post","link":"https:\/\/radiojehona.mk\/?p=39134","title":{"rendered":"Dimitrovski: Nuk preket gjuha shqipe, as marr\u00ebveshja e Ohrit!"},"content":{"rendered":"\n<figure class=\"wp-block-image size-large\"><img fetchpriority=\"high\" decoding=\"async\" width=\"1024\" height=\"652\" src=\"https:\/\/radiojehona.com\/wp-content\/uploads\/2024\/12\/IMG_9968-1024x652.jpeg\" alt=\"\" class=\"wp-image-39135\" srcset=\"https:\/\/radiojehona.mk\/wp-content\/uploads\/2024\/12\/IMG_9968-1024x652.jpeg 1024w, https:\/\/radiojehona.mk\/wp-content\/uploads\/2024\/12\/IMG_9968-300x191.jpeg 300w, https:\/\/radiojehona.mk\/wp-content\/uploads\/2024\/12\/IMG_9968-768x489.jpeg 768w, https:\/\/radiojehona.mk\/wp-content\/uploads\/2024\/12\/IMG_9968.jpeg 1125w\" sizes=\"(max-width: 1024px) 100vw, 1024px\" \/><\/figure>\n\n\n\n<p>Diskutimet per ligjin e gjuh\u00ebve nuk c\u00ebnojn\u00eb marr\u00ebdh\u00ebnieve mes qytetar\u00ebve tan\u00eb. K\u00ebshtu u shpreh n\u00eb Korc\u00eb zv ministri i jasht\u00ebm Zoran Dimitrievski i cili thot\u00eb se marr\u00ebveshja e Ohrit zbatohet.<\/p>\n\n\n\n<p>P\u00ebrdorimi i gjuh\u00ebs shqipe n\u00eb Maqedonin\u00eb e Veriut \u00ebsht\u00eb tregues i marr\u00ebdh\u00ebnieve t\u00eb mira mes qytetar\u00ebve. K\u00ebt\u00eb mendim dha nga Korca zv ministri i jasht\u00ebm maqedonas Zoran Dimitrievski&nbsp; i pyetur n\u00eb lidhje me diskutimet p\u00ebr ligjin e gjuh\u00ebve.<\/p>\n\n\n\n<p>Dimitrievski shprehet se t\u00eb gjitha marr\u00ebveshjet e firmosura m\u00eb her\u00ebt nga qeverit\u00eb e tjera do t\u00eb respektohen p\u00ebrfshir\u00eb edhe paktin e Ohrit<\/p>\n\n\n\n<p>K\u00ebto deklarata zv ministri maqedonas i b\u00ebri pasi mori pjes\u00eb n\u00eb nj\u00eb konferenc\u00eb shtet\u00ebrore n\u00eb universitetin e Korc\u00ebs me teme 80 vjet gjuh\u00eb am\u00ebtare maqedonase n\u00eb Shqip\u00ebri.<\/p>\n","protected":false},"excerpt":{"rendered":"<p>Diskutimet per ligjin e gjuh&euml;ve nuk c&euml;nojn&euml; marr&euml;dh&euml;nieve mes qytetar&euml;ve tan&euml;. K&euml;shtu u shpreh n&euml; Korc&euml; zv ministri i jasht&euml;m Zoran Dimitrievski i cili thot&euml; se marr&euml;veshja e Ohrit zbatohet. P&euml;rdorimi i gjuh&euml;s shqipe n&euml; Maqedonin&euml; e Veriut &euml;sht&euml; tregues i marr&euml;dh&euml;nieve t&euml; mira mes qytetar&euml;ve. K&euml;t&euml; mendim dha nga Korca zv ministri i jasht&euml;m [&hellip;]<\/p>\n","protected":false},"author":2,"featured_media":39135,"comment_status":"open","ping_status":"closed","sticky":false,"template":"","format":"standard","meta":{"_monsterinsights_skip_tracking":false,"_monsterinsights_sitenote_active":false,"_monsterinsights_sitenote_note":"","_monsterinsights_sitenote_category":0,"footnotes":""},"categories":[1],"tags":[],"class_list":["post-39134","post","type-post","status-publish","format-standard","has-post-thumbnail","hentry","category-vendi"],"_links":{"self":[{"href":"https:\/\/radiojehona.mk\/index.php?rest_route=\/wp\/v2\/posts\/39134","targetHints":{"allow":["GET"]}}],"collection":[{"href":"https:\/\/radiojehona.mk\/index.php?rest_route=\/wp\/v2\/posts"}],"about":[{"href":"https:\/\/radiojehona.mk\/index.php?rest_route=\/wp\/v2\/types\/post"}],"author":[{"embeddable":true,"href":"https:\/\/radiojehona.mk\/index.php?rest_route=\/wp\/v2\/users\/2"}],"replies":[{"embeddable":true,"href":"https:\/\/radiojehona.mk\/index.php?rest_route=%2Fwp%2Fv2%2Fcomments&post=39134"}],"version-history":[{"count":2,"href":"https:\/\/radiojehona.mk\/index.php?rest_route=\/wp\/v2\/posts\/39134\/revisions"}],"predecessor-version":[{"id":39137,"href":"https:\/\/radiojehona.mk\/index.php?rest_route=\/wp\/v2\/posts\/39134\/revisions\/39137"}],"wp:featuredmedia":[{"embeddable":true,"href":"https:\/\/radiojehona.mk\/index.php?rest_route=\/wp\/v2\/media\/39135"}],"wp:attachment":[{"href":"https:\/\/radiojehona.mk\/index.php?rest_route=%2Fwp%2Fv2%2Fmedia&parent=39134"}],"wp:term":[{"taxonomy":"category","embeddable":true,"href":"https:\/\/radiojehona.mk\/index.php?rest_route=%2Fwp%2Fv2%2Fcategories&post=39134"},{"taxonomy":"post_tag","embeddable":true,"href":"https:\/\/radiojehona.mk\/index.php?rest_route=%2Fwp%2Fv2%2Ftags&post=39134"}],"curies":[{"name":"wp","href":"https:\/\/api.w.org\/{rel}","templated":true}]}}