{"id":39130,"date":"2024-12-19T17:34:22","date_gmt":"2024-12-19T17:34:22","guid":{"rendered":"https:\/\/radiojehona.com\/?p=39130"},"modified":"2024-12-19T17:34:22","modified_gmt":"2024-12-19T17:34:22","slug":"rasti-alfa-iseni-drejtesi-per-agim-islamin-do-te-kerkojme-ne-strasburg","status":"publish","type":"post","link":"https:\/\/radiojehona.mk\/?p=39130","title":{"rendered":"Rasti \u201cAlfa\u201d, Iseni: drejt\u00ebsi p\u00ebr Agim Islamin do t\u00eb k\u00ebrkojm\u00eb n\u00eb Strasburg"},"content":{"rendered":"\n<figure class=\"wp-block-image size-large\"><img fetchpriority=\"high\" decoding=\"async\" width=\"1024\" height=\"726\" src=\"https:\/\/radiojehona.com\/wp-content\/uploads\/2024\/12\/IMG_9967-1024x726.jpeg\" alt=\"\" class=\"wp-image-39131\" srcset=\"https:\/\/radiojehona.mk\/wp-content\/uploads\/2024\/12\/IMG_9967-1024x726.jpeg 1024w, https:\/\/radiojehona.mk\/wp-content\/uploads\/2024\/12\/IMG_9967-300x213.jpeg 300w, https:\/\/radiojehona.mk\/wp-content\/uploads\/2024\/12\/IMG_9967-768x545.jpeg 768w, https:\/\/radiojehona.mk\/wp-content\/uploads\/2024\/12\/IMG_9967.jpeg 1125w\" sizes=\"(max-width: 1024px) 100vw, 1024px\" \/><\/figure>\n\n\n\n<p>P\u00ebr ta rihapur rastin \u201cAlfa\u201d, Gjykata Penale vet\u00eb u k\u00ebrkoi t\u00eb d\u00ebnuarve q\u00eb super-ekspertiza e videos t\u00eb b\u00ebhet jasht\u00eb shtetit, pasi n\u00eb vend kjo ekspertiz\u00eb nuk mund t\u00eb b\u00ebhej, e tash e nj\u00ebjta gjykat\u00eb nuk e pranon super-ekspertiz\u00ebn nga Qendra p\u00ebr hulumtime forenzike n\u00eb Serbi.\u00a0<a href=\"https:\/\/tv21.tv\/alfa-vendimi-i-penales-do-te-ankimohet-avokatet-kerkojne-nga-apeli-ti-hapin-rruge-rigjykimit\/\">TV21<\/a>\u00a0siguroi pjes\u00eb t\u00eb saj, q\u00eb d\u00ebshmon se dorasit q\u00eb kan\u00eb kryer vrasjet, nuk jan\u00eb personat t\u00eb cil\u00ebt jan\u00eb d\u00ebnuar.<\/p>\n\n\n\n<p><em>Pamjet filmike t\u00eb kapura nga kamera e siguris\u00eb k\u00ebtu n\u00eb parkingun e Fakultetit Matematiko-Natyror n\u00eb periferi t\u00eb Shkupit, jan\u00eb t\u00eb pamjaftueshme p\u00ebr Gjykat\u00ebn Penale p\u00ebr t\u00eb v\u00ebrtetuar vras\u00ebsit e v\u00ebrtet\u00eb t\u00eb rastit \u2018Alfa\u2019 ku n\u00eb vitin 2008 ndodhi sulmi ndaj nj\u00eb ekipi t\u00eb nj\u00ebsitit policor \u2018Alfa\u2019 ku nj\u00ebri mbeti i vrar\u00eb dhe dy t\u00eb plagosur. Por, vras\u00ebsit e v\u00ebrtet\u00eb akoma nuk dihen dhe sipas pal\u00ebve mbrojt\u00ebse, personat, t\u00eb cil\u00ebt jan\u00eb t\u00eb pafajsh\u00ebm dergjen n\u00eb burgje dhe nj\u00ebri prej tyre ka nd\u00ebrruar jet\u00eb derisa po vuanin d\u00ebnimin me burg t\u00eb p\u00ebrjetsh\u00ebm.<\/em><\/p>\n\n\n\n<p>I arrestuari e m\u00eb pas i liruar nga ky rast, Ramiz Dauti habitet pse autoritetet gjyq\u00ebsore t\u00eb mos e pranojn\u00eb k\u00ebt\u00eb ekspertiz\u00eb nga jasht\u00eb vendit, kur t\u00eb tjera m\u00eb her\u00ebt jan\u00eb pranuar.&nbsp;<\/p>\n\n\n\n<p><em>\u201cN\u00eb lidhje me ekspertiz\u00ebn ka pasur dy-tre raste nga Republika e Serbis\u00eb, nuk i di detajet t\u2019i them por e fundit \u00ebsht\u00eb rasti Onkologjikut ku \u00ebsht\u00eb pranuar video, \u00ebsht\u00eb p\u00ebrdorur kund\u00ebr pal\u00ebs t\u00eb akuzuar dhe ka qen\u00eb gjith\u00e7ka n\u00eb rregull p\u00ebr shkak se Maqedonia nuk ka kushte nuk mjete, p\u00ebr t\u00eb b\u00ebr\u00eb k\u00ebsi ekspertiza i kan\u00eb pranuar nga jasht\u00eb. Te ekspertiza e jon\u00eb kan\u00eb ngecur prap k\u00ebt\u00eb q\u00eb e thash q\u00eb nuk ka mjete\u201d, tha Ramiz Dauti.<\/em><\/p>\n\n\n\n<p>Pala mbrojt\u00ebse nuk do ta l\u00ebr\u00eb me kaq. Avokatja Artene Iseini pohon se do t\u00eb shfryt\u00ebzojn\u00eb t\u00eb gjitha mjetet, q\u00eb gjykata ta pranoj\u00eb super-ekspertiz\u00ebn. N\u00eb t\u00eb kund\u00ebrt\u00ebn do t\u2019i drejtohen gjykatave nd\u00ebrkomb\u00ebtare.<\/p>\n\n\n\n<p><em>\u201cDo ti shfryt\u00ebzojm\u00eb t\u00eb gjitha mekanizmat e parapara me Ligjin e procedur\u00ebs penale dhe hapi i radh\u00ebs do t\u00eb jet\u00eb ankimi n\u00eb Gjykat\u00ebn e Apelit, dhe shpresoj q\u00eb shkalla e dyt\u00eb do ta p\u00ebrmir\u00ebsoj gabimin e Gjykat\u00ebs Penale. Pasi t\u00eb ezaurohen t\u00eb gjitha mund\u00ebsit\u00eb ligjore, ne do ti drejtohemi Gjykat\u00ebs s\u00eb Strazburgut ku do t\u00eb k\u00ebrkojm\u00eb drejt\u00ebsi p\u00ebr Agim Islamin\u201d, tha Artene Iseni.<\/em><\/p>\n\n\n\n<p>Pas krejt pritjes s\u00eb gjat\u00eb p\u00ebr rigjykim, i d\u00ebnuari Agim Islami, i cili ka 17 vjet n\u00eb burg, nd\u00ebrsa pretendon pafaj\u00ebsin\u00eb, vazhdon t\u00eb mbetet prapa grilave.<\/p>\n\n\n\n<p>M\u00eb 22 janar t\u00eb vitit 2022, Rexhail Qerimi, i cili, gjithashtu ishte i d\u00ebnuar p\u00ebr k\u00ebt\u00eb rast nd\u00ebrroi jet\u00eb n\u00eb burgun e Idrizov\u00ebs.&nbsp;<\/p>\n\n\n\n<p>Ngjarja ka ndodhur para para 16 vitesh, kur m\u00eb 26 n\u00ebntor u vra polici nga nj\u00ebsiti Alfa, 38 vje\u00e7ari Afrim Arifi. Ishin plagosur edhe dy koleg\u00eb t\u00eb tij Sashe Petrovski dhe Edvard Aleksovski me t\u00eb cil\u00ebt n\u00eb ato momente kishte qen\u00eb n\u00eb detyr\u00eb.<\/p>\n","protected":false},"excerpt":{"rendered":"<p>P&euml;r ta rihapur rastin &ldquo;Alfa&rdquo;, Gjykata Penale vet&euml; u k&euml;rkoi t&euml; d&euml;nuarve q&euml; super-ekspertiza e videos t&euml; b&euml;het jasht&euml; shtetit, pasi n&euml; vend kjo ekspertiz&euml; nuk mund t&euml; b&euml;hej, e tash e nj&euml;jta gjykat&euml; nuk e pranon super-ekspertiz&euml;n nga Qendra p&euml;r hulumtime forenzike n&euml; Serbi.&nbsp;TV21&nbsp;siguroi pjes&euml; t&euml; saj, q&euml; d&euml;shmon se dorasit q&euml; kan&euml; kryer [&hellip;]<\/p>\n","protected":false},"author":2,"featured_media":39131,"comment_status":"open","ping_status":"closed","sticky":false,"template":"","format":"standard","meta":{"_monsterinsights_skip_tracking":false,"_monsterinsights_sitenote_active":false,"_monsterinsights_sitenote_note":"","_monsterinsights_sitenote_category":0,"footnotes":""},"categories":[1],"tags":[],"class_list":["post-39130","post","type-post","status-publish","format-standard","has-post-thumbnail","hentry","category-vendi"],"_links":{"self":[{"href":"https:\/\/radiojehona.mk\/index.php?rest_route=\/wp\/v2\/posts\/39130","targetHints":{"allow":["GET"]}}],"collection":[{"href":"https:\/\/radiojehona.mk\/index.php?rest_route=\/wp\/v2\/posts"}],"about":[{"href":"https:\/\/radiojehona.mk\/index.php?rest_route=\/wp\/v2\/types\/post"}],"author":[{"embeddable":true,"href":"https:\/\/radiojehona.mk\/index.php?rest_route=\/wp\/v2\/users\/2"}],"replies":[{"embeddable":true,"href":"https:\/\/radiojehona.mk\/index.php?rest_route=%2Fwp%2Fv2%2Fcomments&post=39130"}],"version-history":[{"count":2,"href":"https:\/\/radiojehona.mk\/index.php?rest_route=\/wp\/v2\/posts\/39130\/revisions"}],"predecessor-version":[{"id":39133,"href":"https:\/\/radiojehona.mk\/index.php?rest_route=\/wp\/v2\/posts\/39130\/revisions\/39133"}],"wp:featuredmedia":[{"embeddable":true,"href":"https:\/\/radiojehona.mk\/index.php?rest_route=\/wp\/v2\/media\/39131"}],"wp:attachment":[{"href":"https:\/\/radiojehona.mk\/index.php?rest_route=%2Fwp%2Fv2%2Fmedia&parent=39130"}],"wp:term":[{"taxonomy":"category","embeddable":true,"href":"https:\/\/radiojehona.mk\/index.php?rest_route=%2Fwp%2Fv2%2Fcategories&post=39130"},{"taxonomy":"post_tag","embeddable":true,"href":"https:\/\/radiojehona.mk\/index.php?rest_route=%2Fwp%2Fv2%2Ftags&post=39130"}],"curies":[{"name":"wp","href":"https:\/\/api.w.org\/{rel}","templated":true}]}}