{"id":39120,"date":"2024-12-19T16:37:45","date_gmt":"2024-12-19T16:37:45","guid":{"rendered":"https:\/\/radiojehona.com\/?p=39120"},"modified":"2024-12-19T16:37:45","modified_gmt":"2024-12-19T16:37:45","slug":"drejtori-i-postes-se-maqedonise-se-veriut-orhan-kurtishi-takohet-me-drejtorin-e-doganave-per-forcuar-bashkepunimin-institucional","status":"publish","type":"post","link":"https:\/\/radiojehona.mk\/?p=39120","title":{"rendered":"Drejtori i Post\u00ebs s\u00eb Maqedonis\u00eb s\u00eb Veriut, Orhan Kurtishi, takohet me Drejtorin e Doganave p\u00ebr forcuar bashk\u00ebpunimin institucional"},"content":{"rendered":"\n<figure class=\"wp-block-image size-large\"><img fetchpriority=\"high\" decoding=\"async\" width=\"1024\" height=\"716\" src=\"https:\/\/radiojehona.com\/wp-content\/uploads\/2024\/12\/IMG_9962-1024x716.jpeg\" alt=\"\" class=\"wp-image-39121\" srcset=\"https:\/\/radiojehona.mk\/wp-content\/uploads\/2024\/12\/IMG_9962-1024x716.jpeg 1024w, https:\/\/radiojehona.mk\/wp-content\/uploads\/2024\/12\/IMG_9962-300x210.jpeg 300w, https:\/\/radiojehona.mk\/wp-content\/uploads\/2024\/12\/IMG_9962-768x537.jpeg 768w, https:\/\/radiojehona.mk\/wp-content\/uploads\/2024\/12\/IMG_9962.jpeg 1125w\" sizes=\"(max-width: 1024px) 100vw, 1024px\" \/><\/figure>\n\n\n\n<p>Sot, Drejtori i Post\u00ebs s\u00eb Maqedonis\u00eb s\u00eb Veriut, Orhan Kurtishi, realizoi takim pune me Drejtorin e Doganave, ku u diskutuan sfidat dhe problematikat e vazhdueshme q\u00eb hasen n\u00eb pun\u00ebn e p\u00ebrditshme t\u00eb Post\u00ebs.<\/p>\n\n\n\n<p>N\u00eb takim, t\u00eb dyja pal\u00ebt u dakorduan p\u00ebr intensifikimin e bashk\u00ebpunimit n\u00eb drejtim t\u00eb parandalimit t\u00eb aktivitetit ilegal, i cili d\u00ebmton si shtetin, ashtu edhe Post\u00ebn e Maqedonis\u00eb s\u00eb Veriut. Ky bashk\u00ebpunim synon p\u00ebrmir\u00ebsimin e efikasitetit dhe eliminimin e pengesave q\u00eb ndikojn\u00eb negativisht n\u00eb sh\u00ebrbimet postare.<\/p>\n\n\n\n<p>\u201cDo t\u00eb mbetemi t\u00eb p\u00ebrkushtuar n\u00eb nd\u00ebrtimin e nj\u00eb bashk\u00ebpunimi t\u00eb fort\u00eb me institucionet kompetente, p\u00ebr t\u00eb parandaluar \u00e7do veprim t\u00eb jasht\u00ebligjsh\u00ebm q\u00eb d\u00ebmton interesin publik,\u201d theksoi drejtori Orhan Kurtishi.<\/p>\n\n\n\n<p>Pun\u00ebt do t\u00eb vazhdojn\u00eb me p\u00ebrkushtim dhe koordinim t\u00eb plot\u00eb p\u00ebr t\u00eb p\u00ebrmir\u00ebsuar funksionimin e Post\u00ebs dhe mb\u00ebshtetjen e interesave t\u00eb qytetar\u00ebve.<\/p>\n\n\n\n<figure class=\"wp-block-image\"><img decoding=\"async\" src=\"https:\/\/scontent.fskp4-2.fna.fbcdn.net\/v\/t39.30808-6\/470797446_1153285233469819_5032107843057252111_n.jpg?_nc_cat=101&amp;ccb=1-7&amp;_nc_sid=833d8c&amp;_nc_ohc=8meeaR9R10wQ7kNvgEL1z8q&amp;_nc_zt=23&amp;_nc_ht=scontent.fskp4-2.fna&amp;_nc_gid=Am5t6qUsUgCI6i1XB3dlycY&amp;oh=00_AYBZOicS3X2mxlySSaPbAqJ6CQ9zclC5wr-CODrViQZkPw&amp;oe=6769FE0A\" alt=\"May be an image of 4 people\"\/><\/figure>\n\n\n\n<figure class=\"wp-block-image\"><img decoding=\"async\" src=\"https:\/\/scontent.fskp4-2.fna.fbcdn.net\/v\/t39.30808-6\/470632283_1153285303469812_3589179551759802999_n.jpg?_nc_cat=108&amp;ccb=1-7&amp;_nc_sid=833d8c&amp;_nc_ohc=lT7atmcYjisQ7kNvgFR5K-U&amp;_nc_zt=23&amp;_nc_ht=scontent.fskp4-2.fna&amp;_nc_gid=AW0IND25DdzVk4PpQ6JW-8g&amp;oh=00_AYBZt5TIQMGAriXSG1RzYm9JPxmhg4hKjnQNV1OR-rXxEw&amp;oe=676A18F6\" alt=\"May be an image of 3 people and text\"\/><\/figure>\n\n\n\n<figure class=\"wp-block-image size-large\"><img decoding=\"async\" width=\"1024\" height=\"691\" src=\"https:\/\/radiojehona.com\/wp-content\/uploads\/2024\/12\/IMG_9963-1024x691.jpeg\" alt=\"\" class=\"wp-image-39123\" srcset=\"https:\/\/radiojehona.mk\/wp-content\/uploads\/2024\/12\/IMG_9963-1024x691.jpeg 1024w, https:\/\/radiojehona.mk\/wp-content\/uploads\/2024\/12\/IMG_9963-300x202.jpeg 300w, https:\/\/radiojehona.mk\/wp-content\/uploads\/2024\/12\/IMG_9963-768x518.jpeg 768w, https:\/\/radiojehona.mk\/wp-content\/uploads\/2024\/12\/IMG_9963.jpeg 1125w\" sizes=\"(max-width: 1024px) 100vw, 1024px\" \/><\/figure>\n","protected":false},"excerpt":{"rendered":"<p>Sot, Drejtori i Post&euml;s s&euml; Maqedonis&euml; s&euml; Veriut, Orhan Kurtishi, realizoi takim pune me Drejtorin e Doganave, ku u diskutuan sfidat dhe problematikat e vazhdueshme q&euml; hasen n&euml; pun&euml;n e p&euml;rditshme t&euml; Post&euml;s. N&euml; takim, t&euml; dyja pal&euml;t u dakorduan p&euml;r intensifikimin e bashk&euml;punimit n&euml; drejtim t&euml; parandalimit t&euml; aktivitetit ilegal, i cili d&euml;mton si [&hellip;]<\/p>\n","protected":false},"author":2,"featured_media":39122,"comment_status":"open","ping_status":"closed","sticky":false,"template":"","format":"standard","meta":{"_monsterinsights_skip_tracking":false,"_monsterinsights_sitenote_active":false,"_monsterinsights_sitenote_note":"","_monsterinsights_sitenote_category":0,"footnotes":""},"categories":[1],"tags":[],"class_list":["post-39120","post","type-post","status-publish","format-standard","has-post-thumbnail","hentry","category-vendi"],"_links":{"self":[{"href":"https:\/\/radiojehona.mk\/index.php?rest_route=\/wp\/v2\/posts\/39120","targetHints":{"allow":["GET"]}}],"collection":[{"href":"https:\/\/radiojehona.mk\/index.php?rest_route=\/wp\/v2\/posts"}],"about":[{"href":"https:\/\/radiojehona.mk\/index.php?rest_route=\/wp\/v2\/types\/post"}],"author":[{"embeddable":true,"href":"https:\/\/radiojehona.mk\/index.php?rest_route=\/wp\/v2\/users\/2"}],"replies":[{"embeddable":true,"href":"https:\/\/radiojehona.mk\/index.php?rest_route=%2Fwp%2Fv2%2Fcomments&post=39120"}],"version-history":[{"count":2,"href":"https:\/\/radiojehona.mk\/index.php?rest_route=\/wp\/v2\/posts\/39120\/revisions"}],"predecessor-version":[{"id":39125,"href":"https:\/\/radiojehona.mk\/index.php?rest_route=\/wp\/v2\/posts\/39120\/revisions\/39125"}],"wp:featuredmedia":[{"embeddable":true,"href":"https:\/\/radiojehona.mk\/index.php?rest_route=\/wp\/v2\/media\/39122"}],"wp:attachment":[{"href":"https:\/\/radiojehona.mk\/index.php?rest_route=%2Fwp%2Fv2%2Fmedia&parent=39120"}],"wp:term":[{"taxonomy":"category","embeddable":true,"href":"https:\/\/radiojehona.mk\/index.php?rest_route=%2Fwp%2Fv2%2Fcategories&post=39120"},{"taxonomy":"post_tag","embeddable":true,"href":"https:\/\/radiojehona.mk\/index.php?rest_route=%2Fwp%2Fv2%2Ftags&post=39120"}],"curies":[{"name":"wp","href":"https:\/\/api.w.org\/{rel}","templated":true}]}}