{"id":39117,"date":"2024-12-19T10:16:04","date_gmt":"2024-12-19T10:16:04","guid":{"rendered":"https:\/\/radiojehona.com\/?p=39117"},"modified":"2024-12-19T10:16:05","modified_gmt":"2024-12-19T10:16:05","slug":"flet-per-here-te-pare-ish-bashkeshorti-i-parashqevi-simakut-arsyet-e-divorcit-dhe-cfare-me-tha-djali-pas-pamjeve","status":"publish","type":"post","link":"https:\/\/radiojehona.mk\/?p=39117","title":{"rendered":"Flet p\u00ebr her\u00eb t\u00eb par\u00eb ish-bashk\u00ebshorti i Parashqevi Simakut: Arsyet e divorcit dhe \u00e7far\u00eb m\u00eb tha djali pas pamjeve"},"content":{"rendered":"\n<figure class=\"wp-block-image size-large\"><img fetchpriority=\"high\" decoding=\"async\" width=\"1024\" height=\"642\" src=\"https:\/\/radiojehona.com\/wp-content\/uploads\/2024\/12\/IMG_9961-1024x642.jpeg\" alt=\"\" class=\"wp-image-39118\" srcset=\"https:\/\/radiojehona.mk\/wp-content\/uploads\/2024\/12\/IMG_9961-1024x642.jpeg 1024w, https:\/\/radiojehona.mk\/wp-content\/uploads\/2024\/12\/IMG_9961-300x188.jpeg 300w, https:\/\/radiojehona.mk\/wp-content\/uploads\/2024\/12\/IMG_9961-768x481.jpeg 768w, https:\/\/radiojehona.mk\/wp-content\/uploads\/2024\/12\/IMG_9961.jpeg 1125w\" sizes=\"(max-width: 1024px) 100vw, 1024px\" \/><\/figure>\n\n\n\n<p>Ish bashkeshorti i kengetares Parashqevi Simaku ka thyer heshtjen. Ai ka folur per Top Channel teksa ka komentuar ndjesite e tij dhe te te birit pas publikimit te pamjeve te Simakut. Nolfe eshte pyetur edhe per divorcin. Ja intervista e tij:<\/p>\n\n\n\n<p><strong>Robert Nolfe:<\/strong>\u00a0Ne diskutonim p\u00ebr filmin, un\u00eb nuk kam qen\u00eb shum\u00eb i pasionuar pas festivaleve n\u00eb Shqip\u00ebri. Diskutohej si nj\u00eb fem\u00ebr simpatike, si nj\u00eb z\u00eb i \u00ebmb\u00ebl, si nj\u00eb nj\u00ebri q\u00eb interpretonte. Por jo liberale, ose ishte liberale ne natyr\u00ebn e saj po jo se Parashqevia ishte shum\u00eb e kufizuar, ishte nj\u00eb njeri q\u00eb jetonte n\u00eb bot\u00ebn e vet. Nuk \u00ebsht\u00eb se b\u00ebnte ndonj\u00eb akt jasht\u00eb sken\u00ebs, po n\u00eb sken\u00eb ishte e \u00ebmb\u00ebl. Por gjithsesi, po ju them q\u00eb media duhet t\u00eb ket\u00eb nj\u00eb diskutim t\u00eb gjat\u00eb regjimit komunist, q\u00eb quhet sot realiz\u00ebm sepse vazhdojm\u00eb t\u00eb g\u00ebnjejm\u00eb. Duhet ta trajtojm\u00eb si\u00e7 ka qen\u00eb, duhet t\u00eb b\u00ebjm\u00eb analiza si p\u00ebr historin\u00eb si p\u00ebr politik\u00ebn, se jemi m\u00ebsuar 30 vjet vet\u00ebm jemi g\u00ebnjyer dhe manipuluar n\u00eb syt\u00eb tan\u00eb.<\/p>\n\n\n\n<p><strong>Luka a e ka k\u00ebrkuar t\u00eb \u00ebm\u00ebn? Kur ka ndodhur zhdukja e saj?<\/strong><\/p>\n\n\n\n<p><strong>Robert Nolfe:<\/strong>&nbsp;Pjesa m\u00eb e madhe e t\u00eb gjitha k\u00ebtyre \u00e7\u00ebshtjeve u trajtuan gjat\u00eb divorcit. \u00cbsht\u00eb n\u00eb interesin tim ta shoh q\u00eb ajo t\u00eb jet\u00eb mir\u00eb. U preka shum\u00eb kur e pash\u00eb t\u00eb buz\u00ebqeshte me Eltonin. Ai \u00ebsht\u00eb i ri tani dhe q\u00eb kur ka qen\u00eb 10 vje\u00e7, i \u00ebsht\u00eb marr\u00eb mendimi, prandaj foli sot me n\u00ebn\u00ebn e tij. E pyeta n\u00ebse ishte i gatsh\u00ebm dhe ai tha po. Un\u00eb i kam dh\u00ebn\u00eb nj\u00eb deklarat\u00eb me shkrim Eltonin, dua vet\u00ebm q\u00eb familja t\u00eb ribashkohet dhe ajo t\u00eb jet\u00eb thesari i humbur q\u00eb \u00ebsht\u00eb rigjetur. Fundi \u00ebsht\u00eb i bukur dhe kjo histori do t\u00eb mbaroj\u00eb e bukur. Gjithmon\u00eb e kam vler\u00ebsuar p\u00ebr at\u00eb ikon\u00eb t\u00eb kultur\u00ebs q\u00eb ishte. E kam par\u00eb me syt\u00eb e mi se sa e r\u00ebnd\u00ebsishme ka qen\u00eb p\u00ebr popullin shqiptar.<\/p>\n\n\n\n<p><strong>Pse ndodhi divorci?<\/strong><\/p>\n\n\n\n<p><strong>Robert Nolfe<\/strong>: Ajo nuk kishte b\u00ebr\u00eb zgjedhjet m\u00eb t\u00eb mira me veten. Nuk dua t\u00eb hyj n\u00eb detaje\u2026<\/p>\n","protected":false},"excerpt":{"rendered":"<p>Ish bashkeshorti i kengetares Parashqevi Simaku ka thyer heshtjen. Ai ka folur per Top Channel teksa ka komentuar ndjesite e tij dhe te te birit pas publikimit te pamjeve te Simakut. Nolfe eshte pyetur edhe per divorcin. Ja intervista e tij: Robert Nolfe:&nbsp;Ne diskutonim p&euml;r filmin, un&euml; nuk kam qen&euml; shum&euml; i pasionuar pas festivaleve [&hellip;]<\/p>\n","protected":false},"author":2,"featured_media":39118,"comment_status":"open","ping_status":"closed","sticky":false,"template":"","format":"standard","meta":{"_monsterinsights_skip_tracking":false,"_monsterinsights_sitenote_active":false,"_monsterinsights_sitenote_note":"","_monsterinsights_sitenote_category":0,"footnotes":""},"categories":[7],"tags":[],"class_list":["post-39117","post","type-post","status-publish","format-standard","has-post-thumbnail","hentry","category-showbizz"],"_links":{"self":[{"href":"https:\/\/radiojehona.mk\/index.php?rest_route=\/wp\/v2\/posts\/39117","targetHints":{"allow":["GET"]}}],"collection":[{"href":"https:\/\/radiojehona.mk\/index.php?rest_route=\/wp\/v2\/posts"}],"about":[{"href":"https:\/\/radiojehona.mk\/index.php?rest_route=\/wp\/v2\/types\/post"}],"author":[{"embeddable":true,"href":"https:\/\/radiojehona.mk\/index.php?rest_route=\/wp\/v2\/users\/2"}],"replies":[{"embeddable":true,"href":"https:\/\/radiojehona.mk\/index.php?rest_route=%2Fwp%2Fv2%2Fcomments&post=39117"}],"version-history":[{"count":1,"href":"https:\/\/radiojehona.mk\/index.php?rest_route=\/wp\/v2\/posts\/39117\/revisions"}],"predecessor-version":[{"id":39119,"href":"https:\/\/radiojehona.mk\/index.php?rest_route=\/wp\/v2\/posts\/39117\/revisions\/39119"}],"wp:featuredmedia":[{"embeddable":true,"href":"https:\/\/radiojehona.mk\/index.php?rest_route=\/wp\/v2\/media\/39118"}],"wp:attachment":[{"href":"https:\/\/radiojehona.mk\/index.php?rest_route=%2Fwp%2Fv2%2Fmedia&parent=39117"}],"wp:term":[{"taxonomy":"category","embeddable":true,"href":"https:\/\/radiojehona.mk\/index.php?rest_route=%2Fwp%2Fv2%2Fcategories&post=39117"},{"taxonomy":"post_tag","embeddable":true,"href":"https:\/\/radiojehona.mk\/index.php?rest_route=%2Fwp%2Fv2%2Ftags&post=39117"}],"curies":[{"name":"wp","href":"https:\/\/api.w.org\/{rel}","templated":true}]}}