{"id":39114,"date":"2024-12-19T09:10:52","date_gmt":"2024-12-19T09:10:52","guid":{"rendered":"https:\/\/radiojehona.com\/?p=39114"},"modified":"2024-12-19T09:10:53","modified_gmt":"2024-12-19T09:10:53","slug":"osmani-nuk-mund-te-kete-integrim-te-suksesshem-te-ballkanit-perendimor-nese-vazhdimisht-rrezikohet-paqja-dhe-siguria","status":"publish","type":"post","link":"https:\/\/radiojehona.mk\/?p=39114","title":{"rendered":"Osmani: Nuk mund t\u00eb ket\u00eb integrim t\u00eb suksessh\u00ebm t\u00eb Ballkanit Per\u00ebndimor n\u00ebse vazhdimisht rrezikohet paqja dhe siguria"},"content":{"rendered":"\n<figure class=\"wp-block-image size-large\"><img fetchpriority=\"high\" decoding=\"async\" width=\"1024\" height=\"606\" src=\"https:\/\/radiojehona.com\/wp-content\/uploads\/2024\/12\/IMG_9959-1024x606.jpeg\" alt=\"\" class=\"wp-image-39115\" srcset=\"https:\/\/radiojehona.mk\/wp-content\/uploads\/2024\/12\/IMG_9959-1024x606.jpeg 1024w, https:\/\/radiojehona.mk\/wp-content\/uploads\/2024\/12\/IMG_9959-300x178.jpeg 300w, https:\/\/radiojehona.mk\/wp-content\/uploads\/2024\/12\/IMG_9959-768x455.jpeg 768w, https:\/\/radiojehona.mk\/wp-content\/uploads\/2024\/12\/IMG_9959.jpeg 1125w\" sizes=\"(max-width: 1024px) 100vw, 1024px\" \/><\/figure>\n\n\n\n<p><strong>Presidentja e Republik\u00ebs s\u00eb Kosov\u00ebs, Vjosa Osmani ka p\u00ebrfaq\u00ebsuar Republik\u00ebn e Kosov\u00ebs n\u00eb Samitin BE-Ballkani Per\u00ebndimor.<\/strong><\/p>\n\n\n\n<p>N\u00eb komunikat\u00ebn p\u00ebr media thuhet se Samiti BE-Ballkani Per\u00ebndimor mbetet nj\u00eb platform\u00eb e r\u00ebnd\u00ebsishme p\u00ebr rajonin ton\u00eb.<\/p>\n\n\n\n<p>Presidenca n\u00eb nj\u00eb p\u00ebrmbledhje t\u00eb asaj se \u00e7far\u00eb ka deklaruar e para e shtetit, b\u00ebn t\u00eb ditur se Osmani gjat\u00eb q\u00ebndrimit atje n\u00eb biseda me lider\u00eb t\u00eb institucioneve dhe shteteve an\u00ebtare t\u00eb BE-s\u00eb, theksoi se e ardhmja e Kosov\u00ebs n\u00eb BE \u00ebsht\u00eb e pashmangshme e p\u00ebr ne mbetet nj\u00eb angazhim i \u00e7doditsh\u00ebm.<\/p>\n\n\n\n<p>\u201cN\u00ebse respektohet parimi i meritokracis\u00eb, ashtu si\u00e7 proklamohet, at\u00ebher\u00eb duhet t\u00eb ecet p\u00ebrpara me hapa konkret n\u00eb k\u00ebt\u00eb rrug\u00ebtim, duke filluar me trajtimin e menj\u00ebhersh\u00ebm t\u00eb aplikacionit ton\u00eb p\u00ebr an\u00ebtar\u00ebsim dhe heqjen e masave ndaj Kosov\u00ebs t\u00eb cilat jan\u00eb t\u00eb padrejta dhe joevropiane\u201d, tha ajo.<\/p>\n\n\n\n<p>Presidentja e shtetit m\u00eb tej ka th\u00ebn\u00eb se nuk mund t\u00eb ket\u00eb integrim t\u00eb suksessh\u00ebm t\u00eb vendeve t\u00eb Ballkanit Per\u00ebndimor n\u00ebse vazhdimisht rrezikohet paqja dhe siguria.<\/p>\n\n\n\n<p>\u201cPrandaj, llogaridh\u00ebnia e Serbis\u00eb p\u00ebr aktet e vazhdueshme t\u00eb agresionit ndaj Kosov\u00ebs \u00ebsht\u00eb ky\u00e7e. &nbsp;Pavar\u00ebsisht sfidave, Kosova nuk heq dor\u00eb nga integrimi n\u00eb institucione euro-atlantike, sepse mbi t\u00eb gjitha ky \u00ebsht\u00eb vullnet i popullit ton\u00eb\u201d, citohet t\u00eb ket\u00eb Osmani.<\/p>\n","protected":false},"excerpt":{"rendered":"<p>Presidentja e Republik&euml;s s&euml; Kosov&euml;s, Vjosa Osmani ka p&euml;rfaq&euml;suar Republik&euml;n e Kosov&euml;s n&euml; Samitin BE-Ballkani Per&euml;ndimor. N&euml; komunikat&euml;n p&euml;r media thuhet se Samiti BE-Ballkani Per&euml;ndimor mbetet nj&euml; platform&euml; e r&euml;nd&euml;sishme p&euml;r rajonin ton&euml;. Presidenca n&euml; nj&euml; p&euml;rmbledhje t&euml; asaj se &ccedil;far&euml; ka deklaruar e para e shtetit, b&euml;n t&euml; ditur se Osmani gjat&euml; q&euml;ndrimit atje [&hellip;]<\/p>\n","protected":false},"author":2,"featured_media":39115,"comment_status":"open","ping_status":"closed","sticky":false,"template":"","format":"standard","meta":{"_monsterinsights_skip_tracking":false,"_monsterinsights_sitenote_active":false,"_monsterinsights_sitenote_note":"","_monsterinsights_sitenote_category":0,"footnotes":""},"categories":[576],"tags":[],"class_list":["post-39114","post","type-post","status-publish","format-standard","has-post-thumbnail","hentry","category-rajoni"],"_links":{"self":[{"href":"https:\/\/radiojehona.mk\/index.php?rest_route=\/wp\/v2\/posts\/39114","targetHints":{"allow":["GET"]}}],"collection":[{"href":"https:\/\/radiojehona.mk\/index.php?rest_route=\/wp\/v2\/posts"}],"about":[{"href":"https:\/\/radiojehona.mk\/index.php?rest_route=\/wp\/v2\/types\/post"}],"author":[{"embeddable":true,"href":"https:\/\/radiojehona.mk\/index.php?rest_route=\/wp\/v2\/users\/2"}],"replies":[{"embeddable":true,"href":"https:\/\/radiojehona.mk\/index.php?rest_route=%2Fwp%2Fv2%2Fcomments&post=39114"}],"version-history":[{"count":1,"href":"https:\/\/radiojehona.mk\/index.php?rest_route=\/wp\/v2\/posts\/39114\/revisions"}],"predecessor-version":[{"id":39116,"href":"https:\/\/radiojehona.mk\/index.php?rest_route=\/wp\/v2\/posts\/39114\/revisions\/39116"}],"wp:featuredmedia":[{"embeddable":true,"href":"https:\/\/radiojehona.mk\/index.php?rest_route=\/wp\/v2\/media\/39115"}],"wp:attachment":[{"href":"https:\/\/radiojehona.mk\/index.php?rest_route=%2Fwp%2Fv2%2Fmedia&parent=39114"}],"wp:term":[{"taxonomy":"category","embeddable":true,"href":"https:\/\/radiojehona.mk\/index.php?rest_route=%2Fwp%2Fv2%2Fcategories&post=39114"},{"taxonomy":"post_tag","embeddable":true,"href":"https:\/\/radiojehona.mk\/index.php?rest_route=%2Fwp%2Fv2%2Ftags&post=39114"}],"curies":[{"name":"wp","href":"https:\/\/api.w.org\/{rel}","templated":true}]}}