{"id":39109,"date":"2024-12-19T09:05:07","date_gmt":"2024-12-19T09:05:07","guid":{"rendered":"https:\/\/radiojehona.com\/?p=39109"},"modified":"2024-12-19T09:05:08","modified_gmt":"2024-12-19T09:05:08","slug":"mbledhje-te-tre-komisioneve-kuvendore","status":"publish","type":"post","link":"https:\/\/radiojehona.mk\/?p=39109","title":{"rendered":"Mbledhje t\u00eb tre komisioneve kuvendore"},"content":{"rendered":"\n<figure class=\"wp-block-image size-large\"><img fetchpriority=\"high\" decoding=\"async\" width=\"1024\" height=\"561\" src=\"https:\/\/radiojehona.com\/wp-content\/uploads\/2024\/12\/IMG_9958-1024x561.jpeg\" alt=\"\" class=\"wp-image-39110\" srcset=\"https:\/\/radiojehona.mk\/wp-content\/uploads\/2024\/12\/IMG_9958-1024x561.jpeg 1024w, https:\/\/radiojehona.mk\/wp-content\/uploads\/2024\/12\/IMG_9958-300x164.jpeg 300w, https:\/\/radiojehona.mk\/wp-content\/uploads\/2024\/12\/IMG_9958-768x421.jpeg 768w, https:\/\/radiojehona.mk\/wp-content\/uploads\/2024\/12\/IMG_9958.jpeg 1125w\" sizes=\"(max-width: 1024px) 100vw, 1024px\" \/><\/figure>\n\n\n\n<p>N\u00eb Kuvend sot do t\u00eb mbajn\u00eb mbledhje tre komisione \u2013 Komisioni p\u00ebr politik\u00eb sociale, demografi dhe rini, Komisioni p\u00ebr \u00e7\u00ebshtje ekonomike, pun\u00eb dhe politik\u00eb energjetike dhe Komisioni juridik-ligjv\u00ebn\u00ebs.<\/p>\n\n\n\n<p>&#8211; Advertisements &#8211;<\/p>\n\n\n\n<figure class=\"wp-block-image\"><a href=\"https:\/\/2win.mk\/casino\"><img decoding=\"async\" src=\"https:\/\/alsat.mk\/wp-content\/uploads\/2022\/12\/300x250_VLT.gif\" alt=\"\"\/><\/a><\/figure>\n\n\n\n<p>An\u00ebtar\u00ebt e Komisionit p\u00ebr politik\u00eb sociale, demografi dhe rini do t\u00eb diskutojn\u00eb p\u00ebr Propozim-ligjin p\u00ebr ndryshime dhe plot\u00ebsime t\u00eb Ligjit p\u00ebr financim t\u00eb obliguesh\u00ebm kapital t\u00eb sigurimit pensional, n\u00eb lexim t\u00eb dyt\u00eb.<\/p>\n\n\n\n<p>N\u00eb rend dite t\u00eb Komisionit p\u00ebr \u00e7\u00ebshtje ekonomike, pun\u00eb dhe politik\u00eb energjetike jan\u00eb Propozim-ligji p\u00ebr ndryshime t\u00eb Ligjit p\u00ebr paga dhe kompensime tjera t\u00eb personave t\u00eb zgjedhur dhe em\u00ebruar n\u00eb Republik\u00ebn e Maqedonis\u00eb s\u00eb Veriut dhe Propozim-ligji p\u00ebr ndryshime dhe plot\u00ebsime t\u00eb Ligjit p\u00ebr shoqata tregtare, t\u00eb dyja me procedur\u00eb t\u00eb shkurtuar.<\/p>\n\n\n\n<p>N\u00eb Komisionin juridik-ligjv\u00ebn\u00ebs jan\u00eb tre pika \u2013 Propozim-ligji p\u00ebr ndryshime t\u00eb Ligjit p\u00ebr paga dhe kompensime tjera t\u00eb personave t\u00eb zgjedhur dhe em\u00ebruar n\u00eb Republik\u00ebn e Maqedonis\u00eb s\u00eb Veriut, me procedur\u00eb t\u00eb shkurtuar, Propozim-ligji p\u00ebr ndryshime dhe plot\u00ebsime t\u00eb Ligjit p\u00ebr shoqata tregtare, me procedur\u00eb t\u00eb shkurtuar dhe Propozim-ligji p\u00ebr ndryshime dhe plot\u00ebsime t\u00eb Ligjit p\u00ebr financim t\u00eb detyruesh\u00ebm financiar t\u00eb sigurimit pensional, n\u00eb lexim t\u00eb dyt\u00eb.<\/p>\n","protected":false},"excerpt":{"rendered":"<p>N&euml; Kuvend sot do t&euml; mbajn&euml; mbledhje tre komisione &ndash; Komisioni p&euml;r politik&euml; sociale, demografi dhe rini, Komisioni p&euml;r &ccedil;&euml;shtje ekonomike, pun&euml; dhe politik&euml; energjetike dhe Komisioni juridik-ligjv&euml;n&euml;s. &ndash; Advertisements &ndash; An&euml;tar&euml;t e Komisionit p&euml;r politik&euml; sociale, demografi dhe rini do t&euml; diskutojn&euml; p&euml;r Propozim-ligjin p&euml;r ndryshime dhe plot&euml;sime t&euml; Ligjit p&euml;r financim t&euml; obliguesh&euml;m [&hellip;]<\/p>\n","protected":false},"author":2,"featured_media":39110,"comment_status":"open","ping_status":"closed","sticky":false,"template":"","format":"standard","meta":{"_monsterinsights_skip_tracking":false,"_monsterinsights_sitenote_active":false,"_monsterinsights_sitenote_note":"","_monsterinsights_sitenote_category":0,"footnotes":""},"categories":[1],"tags":[],"class_list":["post-39109","post","type-post","status-publish","format-standard","has-post-thumbnail","hentry","category-vendi"],"_links":{"self":[{"href":"https:\/\/radiojehona.mk\/index.php?rest_route=\/wp\/v2\/posts\/39109","targetHints":{"allow":["GET"]}}],"collection":[{"href":"https:\/\/radiojehona.mk\/index.php?rest_route=\/wp\/v2\/posts"}],"about":[{"href":"https:\/\/radiojehona.mk\/index.php?rest_route=\/wp\/v2\/types\/post"}],"author":[{"embeddable":true,"href":"https:\/\/radiojehona.mk\/index.php?rest_route=\/wp\/v2\/users\/2"}],"replies":[{"embeddable":true,"href":"https:\/\/radiojehona.mk\/index.php?rest_route=%2Fwp%2Fv2%2Fcomments&post=39109"}],"version-history":[{"count":2,"href":"https:\/\/radiojehona.mk\/index.php?rest_route=\/wp\/v2\/posts\/39109\/revisions"}],"predecessor-version":[{"id":39112,"href":"https:\/\/radiojehona.mk\/index.php?rest_route=\/wp\/v2\/posts\/39109\/revisions\/39112"}],"wp:featuredmedia":[{"embeddable":true,"href":"https:\/\/radiojehona.mk\/index.php?rest_route=\/wp\/v2\/media\/39110"}],"wp:attachment":[{"href":"https:\/\/radiojehona.mk\/index.php?rest_route=%2Fwp%2Fv2%2Fmedia&parent=39109"}],"wp:term":[{"taxonomy":"category","embeddable":true,"href":"https:\/\/radiojehona.mk\/index.php?rest_route=%2Fwp%2Fv2%2Fcategories&post=39109"},{"taxonomy":"post_tag","embeddable":true,"href":"https:\/\/radiojehona.mk\/index.php?rest_route=%2Fwp%2Fv2%2Ftags&post=39109"}],"curies":[{"name":"wp","href":"https:\/\/api.w.org\/{rel}","templated":true}]}}