{"id":39104,"date":"2024-12-19T09:03:01","date_gmt":"2024-12-19T09:03:01","guid":{"rendered":"https:\/\/radiojehona.com\/?p=39104"},"modified":"2024-12-19T09:03:02","modified_gmt":"2024-12-19T09:03:02","slug":"gjendja-e-rrugeve-ne-vend","status":"publish","type":"post","link":"https:\/\/radiojehona.mk\/?p=39104","title":{"rendered":"Gjendja e rrug\u00ebve n\u00eb vend"},"content":{"rendered":"\n<figure class=\"wp-block-image size-large\"><img fetchpriority=\"high\" decoding=\"async\" width=\"1024\" height=\"794\" src=\"https:\/\/radiojehona.com\/wp-content\/uploads\/2024\/12\/IMG_9957-1024x794.jpeg\" alt=\"\" class=\"wp-image-39105\" srcset=\"https:\/\/radiojehona.mk\/wp-content\/uploads\/2024\/12\/IMG_9957-1024x794.jpeg 1024w, https:\/\/radiojehona.mk\/wp-content\/uploads\/2024\/12\/IMG_9957-300x233.jpeg 300w, https:\/\/radiojehona.mk\/wp-content\/uploads\/2024\/12\/IMG_9957-768x595.jpeg 768w, https:\/\/radiojehona.mk\/wp-content\/uploads\/2024\/12\/IMG_9957.jpeg 1125w\" sizes=\"(max-width: 1024px) 100vw, 1024px\" \/><\/figure>\n\n\n\n<p>Komunikacioni n\u00eb rrug\u00ebt shtet\u00ebrore po zhvillohet n\u00eb kushte dimri, n\u00eb rrug\u00eb kryesisht t\u00eb lag\u00ebshta. Dukshm\u00ebria e zvog\u00ebluar p\u00ebr shkak t\u00eb paraqitjes s\u00eb mjegull\u00ebs nga 50 n\u00eb 80m \u00ebsht\u00eb n\u00eb aksin rrugor nga Zherovjane-Grup\u00e7in, njoftojn\u00eb k\u00ebt\u00eb m\u00ebngjes nga LAMM.<\/p>\n\n\n\n<p>Intensiteti i komunikacionit n\u00eb akset rrugore jasht\u00eb mjediseve urbane \u00ebsht\u00eb mesatar. N\u00eb vendkalimet kufitare nga ana e Maqedonis\u00eb nuk ka vonesa t\u00eb gjata p\u00ebr hyrje dhe dalje nga shteti.<\/p>\n\n\n\n<p>N\u00eb magjistralen A1 seksioni Farish \u2013 Prilep do t\u00eb b\u00ebhet sanimi i gropave nga data 19.12.2024 deri n\u00eb p\u00ebrfundimin e punimeve nd\u00ebrtimore.<\/p>\n\n\n\n<p>LAMM rekomandon shpejt\u00ebsi t\u00eb adaptuar t\u00eb l\u00ebvizjes, respektimin e sinjaleve t\u00eb vendosura t\u00eb komunikacionit e ve\u00e7an\u00ebrisht drejtim t\u00eb kujdessh\u00ebm t\u00eb automjetit, posa\u00e7\u00ebrisht n\u00eb rrug\u00ebt n\u00ebp\u00ebr gryka malore dhe lugina t\u00eb lumenjve ku ekziston mund\u00ebsia e rr\u00ebshqitjes s\u00eb dheut. Kjo vlen ve\u00e7an\u00ebrisht p\u00ebr akset rrugore Katllanov\u00eb \u2013 Veles, Mavrov\u00eb \u2013 Dib\u00ebr \u2013 Strug\u00eb, Vinic\u00eb \u2013 Berov\u00eb dhe Ko\u00e7an \u2013 Dell\u00e7ev\u00eb.<\/p>\n\n\n\n<p>Nga data 15.11.2024 filloi detyrimi ligjor p\u00ebr posedim t\u00eb detyruesh\u00ebm t\u00eb pajisjeve dim\u00ebrore n\u00eb vetura, pa marr\u00eb parasysh gjendjen momentale t\u00eb motit. Ky detyrim do t\u00eb zgjas\u00eb deri m\u00eb 15.03.2025.<\/p>\n","protected":false},"excerpt":{"rendered":"<p>Komunikacioni n&euml; rrug&euml;t shtet&euml;rore po zhvillohet n&euml; kushte dimri, n&euml; rrug&euml; kryesisht t&euml; lag&euml;shta. Dukshm&euml;ria e zvog&euml;luar p&euml;r shkak t&euml; paraqitjes s&euml; mjegull&euml;s nga 50 n&euml; 80m &euml;sht&euml; n&euml; aksin rrugor nga Zherovjane-Grup&ccedil;in, njoftojn&euml; k&euml;t&euml; m&euml;ngjes nga LAMM. Intensiteti i komunikacionit n&euml; akset rrugore jasht&euml; mjediseve urbane &euml;sht&euml; mesatar. N&euml; vendkalimet kufitare nga ana e [&hellip;]<\/p>\n","protected":false},"author":2,"featured_media":39105,"comment_status":"open","ping_status":"closed","sticky":false,"template":"","format":"standard","meta":{"_monsterinsights_skip_tracking":false,"_monsterinsights_sitenote_active":false,"_monsterinsights_sitenote_note":"","_monsterinsights_sitenote_category":0,"footnotes":""},"categories":[1],"tags":[],"class_list":["post-39104","post","type-post","status-publish","format-standard","has-post-thumbnail","hentry","category-vendi"],"_links":{"self":[{"href":"https:\/\/radiojehona.mk\/index.php?rest_route=\/wp\/v2\/posts\/39104","targetHints":{"allow":["GET"]}}],"collection":[{"href":"https:\/\/radiojehona.mk\/index.php?rest_route=\/wp\/v2\/posts"}],"about":[{"href":"https:\/\/radiojehona.mk\/index.php?rest_route=\/wp\/v2\/types\/post"}],"author":[{"embeddable":true,"href":"https:\/\/radiojehona.mk\/index.php?rest_route=\/wp\/v2\/users\/2"}],"replies":[{"embeddable":true,"href":"https:\/\/radiojehona.mk\/index.php?rest_route=%2Fwp%2Fv2%2Fcomments&post=39104"}],"version-history":[{"count":2,"href":"https:\/\/radiojehona.mk\/index.php?rest_route=\/wp\/v2\/posts\/39104\/revisions"}],"predecessor-version":[{"id":39107,"href":"https:\/\/radiojehona.mk\/index.php?rest_route=\/wp\/v2\/posts\/39104\/revisions\/39107"}],"wp:featuredmedia":[{"embeddable":true,"href":"https:\/\/radiojehona.mk\/index.php?rest_route=\/wp\/v2\/media\/39105"}],"wp:attachment":[{"href":"https:\/\/radiojehona.mk\/index.php?rest_route=%2Fwp%2Fv2%2Fmedia&parent=39104"}],"wp:term":[{"taxonomy":"category","embeddable":true,"href":"https:\/\/radiojehona.mk\/index.php?rest_route=%2Fwp%2Fv2%2Fcategories&post=39104"},{"taxonomy":"post_tag","embeddable":true,"href":"https:\/\/radiojehona.mk\/index.php?rest_route=%2Fwp%2Fv2%2Ftags&post=39104"}],"curies":[{"name":"wp","href":"https:\/\/api.w.org\/{rel}","templated":true}]}}