{"id":39100,"date":"2024-12-19T09:01:00","date_gmt":"2024-12-19T09:01:00","guid":{"rendered":"https:\/\/radiojehona.com\/?p=39100"},"modified":"2024-12-19T09:01:01","modified_gmt":"2024-12-19T09:01:01","slug":"ajri-i-ndotur-cdo-vit-mbyt-rreth-2800-banore-te-maqedonise-se-veriut","status":"publish","type":"post","link":"https:\/\/radiojehona.mk\/?p=39100","title":{"rendered":"Ajri i ndotur \u00e7do vit mbyt rreth 2800 banor\u00eb t\u00eb Maqedonis\u00eb s\u00eb Veriut"},"content":{"rendered":"\n<figure class=\"wp-block-image size-large\"><img fetchpriority=\"high\" decoding=\"async\" width=\"1024\" height=\"604\" src=\"https:\/\/radiojehona.com\/wp-content\/uploads\/2024\/12\/IMG_9956-1024x604.jpeg\" alt=\"\" class=\"wp-image-39101\" srcset=\"https:\/\/radiojehona.mk\/wp-content\/uploads\/2024\/12\/IMG_9956-1024x604.jpeg 1024w, https:\/\/radiojehona.mk\/wp-content\/uploads\/2024\/12\/IMG_9956-300x177.jpeg 300w, https:\/\/radiojehona.mk\/wp-content\/uploads\/2024\/12\/IMG_9956-768x453.jpeg 768w, https:\/\/radiojehona.mk\/wp-content\/uploads\/2024\/12\/IMG_9956.jpeg 1125w\" sizes=\"(max-width: 1024px) 100vw, 1024px\" \/><\/figure>\n\n\n\n<p>Ajri i ndotur \u00e7do vit mbyt rreth 2800 banor\u00eb t\u00eb vendit, deklaroi n\u00eb fillim t\u00eb konferenc\u00ebs n\u00eb Shkup p\u00ebr cil\u00ebsin\u00eb e ajrit, drejtori i Bank\u00ebs Bot\u00ebrore p\u00ebr Kosov\u00eb dhe Maqedoni t\u00eb Veriut, Masimiliano Paolu\u00e7i.<\/p>\n\n\n\n<p>Ai tha se pavar\u00ebsisht progresit q\u00eb nga vitet 1990, ndotja e ajrit \u00ebsht\u00eb ende e lart\u00eb, ve\u00e7an\u00ebrisht n\u00eb muajt e dimrit.<\/p>\n\n\n\n<p>\u201cNjer\u00ebzit n\u00eb Shkup dhe Tetov\u00eb jan\u00eb t\u00eb ekspozuar ndaj niveleve duksh\u00ebm m\u00eb t\u00eb larta t\u00eb grimcave toksike (PM2.5), krahasuar me njer\u00ebzit nga Evropa Per\u00ebndimore, shtoi Paolu\u00e7i.<\/p>\n\n\n\n<p>Ajri i sh\u00ebndetsh\u00ebm, theksoi ai, \u00ebsht\u00eb i nj\u00eb r\u00ebnd\u00ebsie vendimtare p\u00ebr zhvillimin e q\u00ebndruesh\u00ebm.<\/p>\n\n\n\n<p>Fjalim kishte edhe z\u00ebvend\u00ebskryeministri i par\u00eb dhe ministri i Mjedisit Jet\u00ebsor dhe Planifikimit Hap\u00ebsinor, Izet Mexhiti.<\/p>\n\n\n\n<p>\u201cSot s\u00eb bashku me Bank\u00ebn Bot\u00ebrore dhe institucionet p\u00ebrkat\u00ebse q\u00eb kan\u00eb autoritetet n\u00eb k\u00ebt\u00eb pjes\u00eb p\u00ebr aj\u00ebr m\u00eb t\u00eb past\u00ebr, mor\u00ebm pjes\u00eb n\u00eb nj\u00eb prezantim t\u00eb analiz\u00ebs dhe pun\u00ebs s\u00eb gjer\u00eb t\u00eb Bank\u00ebs Bot\u00ebrore, normalisht me institucionet tona lokale dhe me mjedisin jet\u00ebsor, n\u00eb aspektin e analizimit t\u00eb m\u00ebnyrave p\u00ebr at\u00eb q\u00eb kemi aj\u00ebr t\u00eb ndotur dhe si mund t\u2019i zgjidhim ato. Rishikim i ve\u00e7ant\u00eb \u00ebsht\u00eb n\u00eb qytetet m\u00eb t\u00eb m\u00ebdha n\u00eb zonat urbane, duke filluar nga Shkupi, k\u00ebshtu q\u00eb, kjo p\u00ebrputhet edhe me programin ton\u00eb q\u00eb e soll\u00ebm para disa dit\u00ebsh n\u00eb nivel t\u00eb Qeveris\u00eb, t\u00eb udh\u00ebhequr nga MMJPH, ku jan\u00eb p\u00ebrfshir\u00eb t\u00eb gjitha institucionet q\u00eb kan\u00eb kompetenca. Dallimi \u00ebsht\u00eb se analizat e Bank\u00ebs Bot\u00ebrore dhe UNDP dhe institucioneve tjera p\u00ebrkat\u00ebse i din\u00eb sakt\u00ebsisht arsyet se pse kemi aj\u00ebr t\u00eb till\u00eb dhe punojm\u00eb m\u00eb shum\u00eb p\u00ebr t\u2019i hequr ato shkaqe, jo si n\u00eb t\u00eb kaluar\u00ebn duke vrapuar vet\u00ebm pas pasojave dhe duke mos e ditur sakt\u00ebsisht se \u00e7far\u00eb dhe si do e b\u00ebjm\u00eb. Mendoj se kjo \u00ebsht\u00eb nj\u00eb baz\u00eb e mir\u00eb\u201d, n\u00ebnvizoi Mexhiti n\u00eb deklarat\u00eb p\u00ebr mediat.<\/p>\n\n\n\n<p>Sipas tij, faktori i par\u00eb \u00ebsht\u00eb \u00ebsht\u00eb se amvis\u00ebrit\u00eb dhe industria ende p\u00ebrdorin dru t\u00eb cil\u00ebsis\u00eb s\u00eb ul\u00ebt dhe burime t\u00eb tjera ngrohjeje, sidomos n\u00eb sezon\u00ebn e dimrit.<\/p>\n\n\n\n<p>\u201cK\u00ebtu \u00ebsht\u00eb edhe transporti urban dhe nj\u00eb s\u00ebr\u00eb arsyesh tjera. Ne tashm\u00eb kemi miratuar dhe jemi duke punuar n\u00eb nj\u00eb program specifik ku p\u00ebrve\u00e7 gazifikimit jan\u00eb planifikuar edhe sisteme kogjeneruese t\u00eb gazit, gjithashtu planifikojm\u00eb t\u00eb subvencionojm\u00eb edhe kthimin e qytetar\u00ebve n\u00eb ngrohje q\u00ebndrore, ve\u00e7an\u00ebrisht n\u00eb zonat urbane ku ajo ekziston. P\u00ebr sa i p\u00ebrket gazifikimit, mendoj se kjo \u00ebsht\u00eb nj\u00eb nga zgjidhjet q\u00eb qytetar\u00ebt do t\u2019i drejtoj\u00eb drejt mjeteve m\u00eb pak t\u00eb d\u00ebmshme ose t\u00eb pad\u00ebmshme p\u00ebr ngrohje gjat\u00eb sezon\u00ebs. Gjithashtu lidhur me transportin urban, si\u00e7 kemi filluar me autobu\u00ebs elektrik\u00eb, planifikojm\u00eb q\u00eb n\u00eb Qeveri t\u00eb shp\u00ebrndajme edhe 100-120 t\u00eb tjer\u00eb p\u00ebr transport publik n\u00eb komuna, k\u00ebtu ka edhe nisma private, fabrika q\u00eb k\u00ebto dit\u00eb do t\u00eb l\u00ebshohet p\u00ebr p\u00ebrpunim t\u00eb vajit t\u00eb p\u00ebrdorur dhe kjo t\u00eb reciklohet 100 p\u00ebr qind dhe t\u00eb ket\u00eb prodhim nga Republika e Maqedonis\u00eb. Punojm\u00eb gjithashtu edhe n\u00eb nisma dhe projekte t\u00eb tjera. Do t\u00eb thot\u00eb, jemi t\u00eb p\u00ebrkushtuar q\u00eb t\u2019i shfryt\u00ebzojm\u00eb t\u00eb gjitha mund\u00ebsit\u00eb q\u00eb t\u00eb kemi aj\u00ebr m\u00eb t\u00eb past\u00ebr\u201d, theksoi Mexhiti.<\/p>\n\n\n\n<p>Dame Dimitrovski, profesor n\u00eb Fakultetin e Makineris\u00eb \u2013 Shkup, sqaroi se programi \u00ebsht\u00eb p\u00ebrgatitur n\u00eb baz\u00eb t\u00eb hulumtimeve afatgjate dhe nga \u201cinstitucionet tona shkencore dhe nga partner\u00ebt tan\u00eb t\u00eb cil\u00ebt nj\u00eb koh\u00eb t\u00eb gjat\u00eb tregojn\u00eb se kush jan\u00eb ndot\u00ebs dhe si ndikojn\u00eb n\u00eb ndotjen\u201d.<br>\u201cProjekti i par\u00eb me t\u00eb cilin u p\u00ebrball\u00ebm \u00ebsht\u00eb identifikimi i ndot\u00ebsve dhe secili t\u00eb marr\u00eb p\u00ebrgjegj\u00ebsin\u00eb e tij. Deri m\u00eb tani, ka ndodhur q\u00eb ndot\u00ebsit i drejtonin gishtin nj\u00ebri-tjetrit, k\u00ebshtu q\u00eb amvis\u00ebrit\u00eb thonin se industria ndot, industria faj\u00ebsonte transportin, transporti faj\u00ebsonte nj\u00eb pal\u00eb t\u00eb tret\u00eb. Ky program p\u00ebrfshin t\u00eb gjith\u00eb ndot\u00ebsit n\u00eb zonat urbane t\u00eb Maqedonis\u00eb dhe \u00ebsht\u00eb b\u00ebr\u00eb program kompleks prej rreth 20 projektesh q\u00eb kan\u00eb t\u00eb b\u00ebjn\u00eb me zgjidhjet e mundshme. Programi \u00ebsht\u00eb dinamik dhe do t\u00eb rritet m\u00eb tej pasi ka p\u00ebrparime t\u00eb reja teknologjike ose pasi kemi rezultate t\u00eb reja n\u00eb terren. Jan\u00eb p\u00ebrfshir\u00eb m\u00eb s\u00eb shumti programe p\u00ebr amvis\u00ebrit\u00eb q\u00eb duam t\u2019i p\u00ebrfshijm\u00eb n\u00eb program, t\u2019i subvencionojm\u00eb q\u00eb t\u00eb fillojn\u00eb t\u00eb p\u00ebrdorin l\u00ebnd\u00eb djeg\u00ebse t\u00eb pastra, t\u2019u ofrojm\u00eb dru t\u00eb that\u00eb si l\u00ebnd\u00eb djeg\u00ebse m\u00eb pak ndot\u00ebse dhe k\u00ebshtu t\u00eb mund\u00ebsohet q\u00eb ajri i amvis\u00ebrive n\u00eb sht\u00ebpi t\u00eb jet\u00eb m\u00eb i past\u00ebr dhe m\u00eb i sh\u00ebndetsh\u00ebm p\u00ebr f\u00ebmij\u00ebt e tyre n\u00eb p\u00ebrgjith\u00ebsi\u201d, theksoi Dimitrovski.<\/p>\n\n\n\n<p>Si\u00e7 njoftoi, n\u00eb plan \u00ebsht\u00eb kontroll i rrept\u00eb dhe i drejt\u00eb inspektues p\u00ebr t\u00eb gjitha kapacitetet industriale.<\/p>\n\n\n\n<p>\u201cPo ashtu, po planifikojm\u00eb kontroll t\u00eb rrept\u00eb dhe t\u00eb drejt\u00eb inspektues p\u00ebr t\u00eb gjitha objektet industriale n\u00eb vend, n\u00eb m\u00ebnyr\u00eb q\u00eb emetimet t\u00eb jen\u00eb publike dhe t\u00eb gjith\u00eb t\u00eb jemi t\u00eb sigurt se ajo q\u00eb emetohet \u00ebsht\u00eb e sigurt n\u00eb nivel evropian. Si\u00e7 kemi themeluar institucione t\u00eb fuqishme shkencore n\u00eb vitin 1963, kur kemi pasur problem me t\u00ebrmetin, tani d\u00ebshirojm\u00eb t\u2019i mb\u00ebshtesim institucionet shkencore q\u00eb t\u00eb merren me hulumtime p\u00ebr pastrimin e ajrit apo mosndotjen e ajrit dhe nj\u00eb program t\u00eb till\u00eb e kemi parapar\u00eb\u201d, shtoi Dimitrovski.<\/p>\n\n\n\n<p>N\u00eb pyetjen e gazetar\u00ebve n\u00ebse n\u00eb praktik\u00eb \u00ebsht\u00eb d\u00ebnuar dikush, ai u p\u00ebrgjigj se tani po b\u00ebhet rregullore e ve\u00e7ant\u00eb.<\/p>\n\n\n\n<p>\u201cPra, \u00ebsht\u00eb evidentuar se deri m\u00eb tani kapacitetet kan\u00eb qen\u00eb t\u00eb dob\u00ebta ose angazhimi ka qen\u00eb i dob\u00ebt ose mund\u00ebsit\u00eb kan\u00eb qen\u00eb t\u00eb dob\u00ebta tek inspektoriatet. Tashm\u00eb n\u00eb praktik\u00eb do t\u00eb parashikohet nj\u00eb organ i fuqish\u00ebm i centralizuar, i cili do t\u00eb merret me inspektimin n\u00eb mjedis, i cili do t\u00eb mund t\u00eb kryej\u00eb kontrolle n\u00eb t\u00eb gjitha objektet, si vertikalisht ashtu edhe horizontalisht, n\u00eb m\u00ebnyr\u00eb q\u00eb t\u00eb mos dor\u00ebzojm\u00eb kompetenca apo t\u2019i japim secilit. mund\u00ebsi t\u00eb tjera p\u00ebr arsye \u2013 nuk \u00ebsht\u00eb p\u00ebrgjegj\u00ebsi e imja\u201d, paralajm\u00ebroi Dimitrovski.<\/p>\n\n\n\n<p>N\u00eb pyetjen n\u00ebse \u00ebsht\u00eb n\u00eb plan q\u00eb inspektor\u00ebt t\u00eb jen\u00eb m\u00eb aktiv\u00eb gjat\u00eb festave shtet\u00ebrore, sepse n\u00eb at\u00eb periudh\u00eb ajri \u00ebsht\u00eb m\u00eb i ndotur, ministri tha se do t\u00eb punohet n\u00eb m\u00ebnyr\u00eb intensive.<br>\u201cTashm\u00eb kemi nd\u00ebrmarr\u00eb masa t\u00eb Qeveris\u00eb dhe tashm\u00eb jan\u00eb n\u00eb teren. Tashm\u00eb ka edhe d\u00ebnime. Por, ka nevoj\u00eb q\u00eb t\u00eb rritet edhe numri i inspektor\u00ebve, sepse jan\u00eb n\u00eb num\u00ebr t\u00eb vog\u00ebl q\u00eb t\u00eb ket\u00eb shtrirje n\u00eb gjith\u00eb Maqedonin\u00eb\u201d, deklaroi Mexhiti.<\/p>\n","protected":false},"excerpt":{"rendered":"<p>Ajri i ndotur &ccedil;do vit mbyt rreth 2800 banor&euml; t&euml; vendit, deklaroi n&euml; fillim t&euml; konferenc&euml;s n&euml; Shkup p&euml;r cil&euml;sin&euml; e ajrit, drejtori i Bank&euml;s Bot&euml;rore p&euml;r Kosov&euml; dhe Maqedoni t&euml; Veriut, Masimiliano Paolu&ccedil;i. Ai tha se pavar&euml;sisht progresit q&euml; nga vitet 1990, ndotja e ajrit &euml;sht&euml; ende e lart&euml;, ve&ccedil;an&euml;risht n&euml; muajt e dimrit. [&hellip;]<\/p>\n","protected":false},"author":2,"featured_media":39101,"comment_status":"open","ping_status":"closed","sticky":false,"template":"","format":"standard","meta":{"_monsterinsights_skip_tracking":false,"_monsterinsights_sitenote_active":false,"_monsterinsights_sitenote_note":"","_monsterinsights_sitenote_category":0,"footnotes":""},"categories":[1],"tags":[],"class_list":["post-39100","post","type-post","status-publish","format-standard","has-post-thumbnail","hentry","category-vendi"],"_links":{"self":[{"href":"https:\/\/radiojehona.mk\/index.php?rest_route=\/wp\/v2\/posts\/39100","targetHints":{"allow":["GET"]}}],"collection":[{"href":"https:\/\/radiojehona.mk\/index.php?rest_route=\/wp\/v2\/posts"}],"about":[{"href":"https:\/\/radiojehona.mk\/index.php?rest_route=\/wp\/v2\/types\/post"}],"author":[{"embeddable":true,"href":"https:\/\/radiojehona.mk\/index.php?rest_route=\/wp\/v2\/users\/2"}],"replies":[{"embeddable":true,"href":"https:\/\/radiojehona.mk\/index.php?rest_route=%2Fwp%2Fv2%2Fcomments&post=39100"}],"version-history":[{"count":2,"href":"https:\/\/radiojehona.mk\/index.php?rest_route=\/wp\/v2\/posts\/39100\/revisions"}],"predecessor-version":[{"id":39103,"href":"https:\/\/radiojehona.mk\/index.php?rest_route=\/wp\/v2\/posts\/39100\/revisions\/39103"}],"wp:featuredmedia":[{"embeddable":true,"href":"https:\/\/radiojehona.mk\/index.php?rest_route=\/wp\/v2\/media\/39101"}],"wp:attachment":[{"href":"https:\/\/radiojehona.mk\/index.php?rest_route=%2Fwp%2Fv2%2Fmedia&parent=39100"}],"wp:term":[{"taxonomy":"category","embeddable":true,"href":"https:\/\/radiojehona.mk\/index.php?rest_route=%2Fwp%2Fv2%2Fcategories&post=39100"},{"taxonomy":"post_tag","embeddable":true,"href":"https:\/\/radiojehona.mk\/index.php?rest_route=%2Fwp%2Fv2%2Ftags&post=39100"}],"curies":[{"name":"wp","href":"https:\/\/api.w.org\/{rel}","templated":true}]}}