{"id":39092,"date":"2024-12-18T21:18:17","date_gmt":"2024-12-18T21:18:17","guid":{"rendered":"https:\/\/radiojehona.com\/?p=39092"},"modified":"2024-12-18T21:18:17","modified_gmt":"2024-12-18T21:18:17","slug":"parashqevi-simaku-komunikon-me-te-birin-pas-shume-vitesh-flet-edhe-me-ish-bashkeshortin","status":"publish","type":"post","link":"https:\/\/radiojehona.mk\/?p=39092","title":{"rendered":"Parashqevi Simaku komunikon me t\u00eb birin pas shum\u00eb vitesh, flet edhe me ish-bashk\u00ebshortin"},"content":{"rendered":"\n<figure class=\"wp-block-image size-large\"><img fetchpriority=\"high\" decoding=\"async\" width=\"1024\" height=\"563\" src=\"https:\/\/radiojehona.com\/wp-content\/uploads\/2024\/12\/IMG_9953-1024x563.jpeg\" alt=\"\" class=\"wp-image-39093\" srcset=\"https:\/\/radiojehona.mk\/wp-content\/uploads\/2024\/12\/IMG_9953-1024x563.jpeg 1024w, https:\/\/radiojehona.mk\/wp-content\/uploads\/2024\/12\/IMG_9953-300x165.jpeg 300w, https:\/\/radiojehona.mk\/wp-content\/uploads\/2024\/12\/IMG_9953-768x423.jpeg 768w, https:\/\/radiojehona.mk\/wp-content\/uploads\/2024\/12\/IMG_9953.jpeg 1125w\" sizes=\"(max-width: 1024px) 100vw, 1024px\" \/><\/figure>\n\n\n\n<p>Biznesmeni shqiptar Elton Ilirjani ka shp\u00ebrndar\u00eb nj\u00eb lajm t\u00eb g\u00ebzuar pasditen e sotme, teksa ka njoftuar se k\u00ebng\u00ebtarja e njohur Parashqevi Simaku ka arritur t\u00eb komunikoj\u00eb m\u00eb n\u00eb fund me djalin e saj dhe ish-bashk\u00ebshortin p\u00ebrmes nj\u00eb video-telefonate.<\/p>\n\n\n\n<figure class=\"wp-block-image size-large\"><img decoding=\"async\" width=\"771\" height=\"1024\" src=\"https:\/\/radiojehona.com\/wp-content\/uploads\/2024\/12\/IMG_9954-771x1024.jpeg\" alt=\"\" class=\"wp-image-39094\" srcset=\"https:\/\/radiojehona.mk\/wp-content\/uploads\/2024\/12\/IMG_9954-771x1024.jpeg 771w, https:\/\/radiojehona.mk\/wp-content\/uploads\/2024\/12\/IMG_9954-226x300.jpeg 226w, https:\/\/radiojehona.mk\/wp-content\/uploads\/2024\/12\/IMG_9954-768x1020.jpeg 768w, https:\/\/radiojehona.mk\/wp-content\/uploads\/2024\/12\/IMG_9954.jpeg 1020w\" sizes=\"(max-width: 771px) 100vw, 771px\" \/><\/figure>\n\n\n\n<p><a href=\"https:\/\/www.balkanweb.com\/wp-content\/uploads\/2024\/12\/sdfgsdfg-1.jpg\"><\/a>Ai e ka b\u00ebr\u00eb k\u00ebt\u00eb njoftim n\u00eb Instagramin e tij, pasditen e sotme, nd\u00ebrsa nj\u00eb dit\u00eb m\u00eb par\u00eb tregoi se kishte qen\u00eb n\u00eb kontakt me djalin e k\u00ebng\u00ebtares dhe se po p\u00ebrpiqej q\u00eb ata t\u00eb mund t\u00eb kishin nj\u00eb komunikim.<\/p>\n\n\n\n<p>Eltoni theksoi gjithashtu se k\u00ebng\u00ebtarja kishte 8 vjet q\u00eb priste mund\u00ebsin\u00eb t\u00eb takohej dhe t\u00eb komunikonte me t\u00eb birin.<\/p>\n","protected":false},"excerpt":{"rendered":"<p>Biznesmeni shqiptar Elton Ilirjani ka shp&euml;rndar&euml; nj&euml; lajm t&euml; g&euml;zuar pasditen e sotme, teksa ka njoftuar se k&euml;ng&euml;tarja e njohur Parashqevi Simaku ka arritur t&euml; komunikoj&euml; m&euml; n&euml; fund me djalin e saj dhe ish-bashk&euml;shortin p&euml;rmes nj&euml; video-telefonate. Ai e ka b&euml;r&euml; k&euml;t&euml; njoftim n&euml; Instagramin e tij, pasditen e sotme, nd&euml;rsa nj&euml; dit&euml; m&euml; [&hellip;]<\/p>\n","protected":false},"author":2,"featured_media":39093,"comment_status":"open","ping_status":"closed","sticky":false,"template":"","format":"standard","meta":{"_monsterinsights_skip_tracking":false,"_monsterinsights_sitenote_active":false,"_monsterinsights_sitenote_note":"","_monsterinsights_sitenote_category":0,"footnotes":""},"categories":[7],"tags":[],"class_list":["post-39092","post","type-post","status-publish","format-standard","has-post-thumbnail","hentry","category-showbizz"],"_links":{"self":[{"href":"https:\/\/radiojehona.mk\/index.php?rest_route=\/wp\/v2\/posts\/39092","targetHints":{"allow":["GET"]}}],"collection":[{"href":"https:\/\/radiojehona.mk\/index.php?rest_route=\/wp\/v2\/posts"}],"about":[{"href":"https:\/\/radiojehona.mk\/index.php?rest_route=\/wp\/v2\/types\/post"}],"author":[{"embeddable":true,"href":"https:\/\/radiojehona.mk\/index.php?rest_route=\/wp\/v2\/users\/2"}],"replies":[{"embeddable":true,"href":"https:\/\/radiojehona.mk\/index.php?rest_route=%2Fwp%2Fv2%2Fcomments&post=39092"}],"version-history":[{"count":2,"href":"https:\/\/radiojehona.mk\/index.php?rest_route=\/wp\/v2\/posts\/39092\/revisions"}],"predecessor-version":[{"id":39096,"href":"https:\/\/radiojehona.mk\/index.php?rest_route=\/wp\/v2\/posts\/39092\/revisions\/39096"}],"wp:featuredmedia":[{"embeddable":true,"href":"https:\/\/radiojehona.mk\/index.php?rest_route=\/wp\/v2\/media\/39093"}],"wp:attachment":[{"href":"https:\/\/radiojehona.mk\/index.php?rest_route=%2Fwp%2Fv2%2Fmedia&parent=39092"}],"wp:term":[{"taxonomy":"category","embeddable":true,"href":"https:\/\/radiojehona.mk\/index.php?rest_route=%2Fwp%2Fv2%2Fcategories&post=39092"},{"taxonomy":"post_tag","embeddable":true,"href":"https:\/\/radiojehona.mk\/index.php?rest_route=%2Fwp%2Fv2%2Ftags&post=39092"}],"curies":[{"name":"wp","href":"https:\/\/api.w.org\/{rel}","templated":true}]}}