{"id":39088,"date":"2024-12-18T21:12:25","date_gmt":"2024-12-18T21:12:25","guid":{"rendered":"https:\/\/radiojehona.com\/?p=39088"},"modified":"2024-12-18T21:12:25","modified_gmt":"2024-12-18T21:12:25","slug":"gjykata-e-larte-pranon-te-shqyrtoje-ceshtjen-e-tiktokut","status":"publish","type":"post","link":"https:\/\/radiojehona.mk\/?p=39088","title":{"rendered":"Gjykata e Lart\u00eb pranon t\u00eb shqyrtoj\u00eb \u00e7\u00ebshtjen e TikTokut"},"content":{"rendered":"\n<figure class=\"wp-block-image size-large\"><img fetchpriority=\"high\" decoding=\"async\" width=\"1024\" height=\"651\" src=\"https:\/\/radiojehona.com\/wp-content\/uploads\/2024\/12\/IMG_9952-1024x651.jpeg\" alt=\"\" class=\"wp-image-39089\" srcset=\"https:\/\/radiojehona.mk\/wp-content\/uploads\/2024\/12\/IMG_9952-1024x651.jpeg 1024w, https:\/\/radiojehona.mk\/wp-content\/uploads\/2024\/12\/IMG_9952-300x191.jpeg 300w, https:\/\/radiojehona.mk\/wp-content\/uploads\/2024\/12\/IMG_9952-768x489.jpeg 768w, https:\/\/radiojehona.mk\/wp-content\/uploads\/2024\/12\/IMG_9952.jpeg 1061w\" sizes=\"(max-width: 1024px) 100vw, 1024px\" \/><\/figure>\n\n\n\n<p>Gjykata e Lart\u00eb tha t\u00eb m\u00ebrkur\u00ebn se do t\u00eb d\u00ebgjoj\u00eb muajin e ardhsh\u00ebm argumentet mbi kushtetueshm\u00ebrin\u00eb e ligjit federal q\u00eb mund ta ndaloj\u00eb veprimtarin\u00eb e rrjetit TikTok n\u00eb Shtetet e Bashkuara n\u00ebse nuk shitet nga kompania kineze ombrell\u00eb.&nbsp;<\/p>\n\n\n\n<p>An\u00ebtar\u00ebt e gjykat\u00ebs do t\u00eb d\u00ebgjojn\u00eb m\u00eb 10 janar argumentet n\u00ebse ligji kufizon n\u00eb m\u00ebnyr\u00eb t\u00eb palejueshme lirin\u00eb e fjal\u00ebs n\u00eb kund\u00ebrshtim me Amendamentin e Par\u00eb. Ligji i miratuar n\u00eb muajin prill, cakton nj\u00eb afat deri m\u00eb 19 janar p\u00ebr shitjen e rrjetit, ose n\u00eb t\u00eb kund\u00ebrt do t\u00eb ndalohet n\u00eb Shtetet e Bashkuara.&nbsp;<\/p>\n\n\n\n<p>Platforma e njohur e rrjeteve sociale ka m\u00eb shum\u00eb se 170 milion\u00eb p\u00ebrdorues n\u00eb Shtetet e Bashkuara. Nuk \u00ebsht\u00eb e qart\u00eb se kur mund t\u00eb merret vendimi. Sidoqoft\u00eb, Gjykata e Lart\u00eb mund t\u00eb veproj\u00eb pas paraqitjes s\u00eb argumenteve p\u00ebr t\u00eb mos lejuar hyrjen e ligjit n\u00eb fuqi n\u00eb pritje t\u00eb nj\u00eb vendimi p\u00ebrfundimtar, n\u00ebse t\u00eb pakt\u00ebn pes\u00eb nga n\u00ebnt\u00eb an\u00ebtar\u00ebt e gjykat\u00ebs mendojn\u00eb se ligji \u00ebsht\u00eb jokushtetues.&nbsp;<\/p>\n\n\n\n<p>Avokat\u00ebt p\u00ebr firm\u00ebn TikTok dhe kompanin\u00eb kineze ombrell\u00eb, \u201cByteDance\u201d, i kan\u00eb k\u00ebrkuar gjykat\u00ebsve q\u00eb t\u00eb veprojn\u00eb p\u00ebrpara afatit t\u00eb 19 janarit. Gjykata e Lart\u00eb gjithashtu do t\u00eb d\u00ebgjoj\u00eb d\u00ebshmit\u00eb nga p\u00ebrdoruesit e rrjetit, disa prej t\u00eb cil\u00ebve e p\u00ebrdorin platform\u00ebn p\u00ebr t\u00eb siguruar jetes\u00ebn.&nbsp;<\/p>\n\n\n\n<p>Data e paraqitjes s\u00eb argumenteve n\u00ebnkupton q\u00eb Departamenti i Drejt\u00ebsis\u00eb i administrat\u00ebs s\u00eb Presidentit Biden n\u00eb largim do t\u00eb mbroj\u00eb ligjin e n\u00ebnshkruar n\u00eb muajin prill nga Presidenti Biden dhe t\u00eb miratuar nga Kongresi me mb\u00ebshtetjen e dy partive. Administrata republikane, e cila merr pushtetin m\u00eb 20 janar, mund t\u00eb mos ndaj\u00eb t\u00eb nj\u00ebjtat pik\u00ebpamje p\u00ebr ligjin.&nbsp;<\/p>\n\n\n\n<p>Presidenti i ri, Donald Trump, i cili dikur mb\u00ebshteti ndalimin e rrjetit, ka premtuar gjat\u00eb fushat\u00ebs se do ta \u201cshp\u00ebtoj\u00eb\u201d TikTokun dhe se administrata e tij do ta shqyrtoj\u00eb situat\u00ebn. T\u00eb h\u00ebn\u00ebn, zoti Trump priti n\u00eb rezidenc\u00ebn e tij Mar-a-Lago shefin e rrjetit TikTok, Shou Zi Chew.&nbsp;<\/p>\n\n\n\n<p>Kompanit\u00eb kan\u00eb th\u00ebn\u00eb se nj\u00eb mbyllje vet\u00ebm nj\u00eb muaj do t\u00eb shkaktonte humbjen e rreth nj\u00eb t\u00eb tret\u00ebs s\u00eb p\u00ebrdoruesve t\u00eb rrjetit n\u00eb Shtetet e Bashkuara dhe t\u00eb ardhurave t\u00eb konsiderueshme nga reklamat.&nbsp;<\/p>\n\n\n\n<p>\u00c7\u00ebshtja v\u00eb p\u00ebrball\u00eb t\u00eb drejtat e liris\u00eb s\u00eb fjal\u00ebs dhe q\u00ebllimet e deklaruara t\u00eb qeveris\u00eb p\u00ebr t\u00eb mbrojtur sigurin\u00eb komb\u00ebtare, nd\u00ebrkoh\u00eb q\u00eb ngre \u00e7\u00ebshtje t\u00eb reja n\u00eb lidhje me platformat e mediave sociale.&nbsp;<\/p>\n\n\n\n<p>Nj\u00eb panel gjykat\u00ebsish federal\u00eb t\u00eb Gjykat\u00ebs s\u00eb Apelit e mb\u00ebshteti nj\u00ebz\u00ebri ligjin m\u00eb 6 dhjetor, nd\u00ebrsa hodhi posht\u00eb nj\u00eb k\u00ebrkes\u00eb urgjente p\u00ebr t\u00eb shtyr\u00eb zbatimin e ligjit.&nbsp;<\/p>\n\n\n\n<p>N\u00ebse gjykata nuk vepron, ligji do t\u00eb hyj\u00eb n\u00eb fuqi m\u00eb 19 janar dhe do t\u00eb penalizonte kompanit\u00eb q\u00eb ofrojn\u00eb sh\u00ebrbimin e rrjetit TikTok. Zbatimi i ligjit \u00ebsht\u00eb p\u00ebrpar\u00ebsi e Departamentit t\u00eb Drejt\u00ebsis\u00eb, i cili mund t\u00eb hetoj\u00eb shkeljet e mundshme dhe k\u00ebrkoj\u00eb penalizime.&nbsp;<\/p>\n\n\n\n<p>Por avokat\u00ebt p\u00ebr rrjetin TikTok dhe kompanis\u00eb m\u00ebm\u00eb \u201cByteDance\u201d kan\u00eb argumentuar se Departamenti i Drejt\u00ebsis\u00eb n\u00ebn Presidentin Trump mund ta ndaloj\u00eb zbatimin e ligjit ose mund t\u00eb k\u00ebrkoj\u00eb t\u00eb zbus\u00eb pasojat m\u00eb t\u00eb r\u00ebnda t\u00eb ligjit. Zoti Trump merr presidenc\u00ebn amerikane nj\u00eb dit\u00eb pasi ligji duhet t\u00eb hyj\u00eb n\u00eb fuqi.<\/p>\n","protected":false},"excerpt":{"rendered":"<p>Gjykata e Lart&euml; tha t&euml; m&euml;rkur&euml;n se do t&euml; d&euml;gjoj&euml; muajin e ardhsh&euml;m argumentet mbi kushtetueshm&euml;rin&euml; e ligjit federal q&euml; mund ta ndaloj&euml; veprimtarin&euml; e rrjetit TikTok n&euml; Shtetet e Bashkuara n&euml;se nuk shitet nga kompania kineze ombrell&euml;.&nbsp; An&euml;tar&euml;t e gjykat&euml;s do t&euml; d&euml;gjojn&euml; m&euml; 10 janar argumentet n&euml;se ligji kufizon n&euml; m&euml;nyr&euml; t&euml; palejueshme [&hellip;]<\/p>\n","protected":false},"author":2,"featured_media":39089,"comment_status":"open","ping_status":"closed","sticky":false,"template":"","format":"standard","meta":{"_monsterinsights_skip_tracking":false,"_monsterinsights_sitenote_active":false,"_monsterinsights_sitenote_note":"","_monsterinsights_sitenote_category":0,"footnotes":""},"categories":[569],"tags":[],"class_list":["post-39088","post","type-post","status-publish","format-standard","has-post-thumbnail","hentry","category-bota"],"_links":{"self":[{"href":"https:\/\/radiojehona.mk\/index.php?rest_route=\/wp\/v2\/posts\/39088","targetHints":{"allow":["GET"]}}],"collection":[{"href":"https:\/\/radiojehona.mk\/index.php?rest_route=\/wp\/v2\/posts"}],"about":[{"href":"https:\/\/radiojehona.mk\/index.php?rest_route=\/wp\/v2\/types\/post"}],"author":[{"embeddable":true,"href":"https:\/\/radiojehona.mk\/index.php?rest_route=\/wp\/v2\/users\/2"}],"replies":[{"embeddable":true,"href":"https:\/\/radiojehona.mk\/index.php?rest_route=%2Fwp%2Fv2%2Fcomments&post=39088"}],"version-history":[{"count":2,"href":"https:\/\/radiojehona.mk\/index.php?rest_route=\/wp\/v2\/posts\/39088\/revisions"}],"predecessor-version":[{"id":39091,"href":"https:\/\/radiojehona.mk\/index.php?rest_route=\/wp\/v2\/posts\/39088\/revisions\/39091"}],"wp:featuredmedia":[{"embeddable":true,"href":"https:\/\/radiojehona.mk\/index.php?rest_route=\/wp\/v2\/media\/39089"}],"wp:attachment":[{"href":"https:\/\/radiojehona.mk\/index.php?rest_route=%2Fwp%2Fv2%2Fmedia&parent=39088"}],"wp:term":[{"taxonomy":"category","embeddable":true,"href":"https:\/\/radiojehona.mk\/index.php?rest_route=%2Fwp%2Fv2%2Fcategories&post=39088"},{"taxonomy":"post_tag","embeddable":true,"href":"https:\/\/radiojehona.mk\/index.php?rest_route=%2Fwp%2Fv2%2Ftags&post=39088"}],"curies":[{"name":"wp","href":"https:\/\/api.w.org\/{rel}","templated":true}]}}