{"id":39080,"date":"2024-12-18T21:05:10","date_gmt":"2024-12-18T21:05:10","guid":{"rendered":"https:\/\/radiojehona.com\/?p=39080"},"modified":"2024-12-18T21:05:10","modified_gmt":"2024-12-18T21:05:10","slug":"digjet-nje-shtepi-ne-shkup-nje-person-e-ka-humbur-jeten-ndersa-nje-eshte-derguar-ne-spital","status":"publish","type":"post","link":"https:\/\/radiojehona.mk\/?p=39080","title":{"rendered":"Digjet nj\u00eb sht\u00ebpi n\u00eb Shkup, nj\u00eb person e ka humbur jet\u00ebn nd\u00ebrsa nj\u00eb \u00ebsht\u00eb d\u00ebrguar n\u00eb spital"},"content":{"rendered":"\n<figure class=\"wp-block-image size-large\"><img fetchpriority=\"high\" decoding=\"async\" width=\"1024\" height=\"549\" src=\"https:\/\/radiojehona.com\/wp-content\/uploads\/2024\/12\/IMG_9950-1024x549.jpeg\" alt=\"\" class=\"wp-image-39081\" srcset=\"https:\/\/radiojehona.mk\/wp-content\/uploads\/2024\/12\/IMG_9950-1024x549.jpeg 1024w, https:\/\/radiojehona.mk\/wp-content\/uploads\/2024\/12\/IMG_9950-300x161.jpeg 300w, https:\/\/radiojehona.mk\/wp-content\/uploads\/2024\/12\/IMG_9950-768x412.jpeg 768w, https:\/\/radiojehona.mk\/wp-content\/uploads\/2024\/12\/IMG_9950.jpeg 1125w\" sizes=\"(max-width: 1024px) 100vw, 1024px\" \/><\/figure>\n\n\n\n<p>Nga zjarri n\u00eb nj\u00eb sht\u00ebpi n\u00eb Shkup, q\u00eb ka ndodhur mbr\u00ebm\u00eb, nj\u00eb person ka humbur jet\u00ebn, nd\u00ebrsa nj\u00eb tjet\u00ebr \u00ebsht\u00eb d\u00ebrguar n\u00eb spital me simptoma t\u00eb mbytjes.<\/p>\n\n\n\n<p>Si\u00e7 kumtoi MPB-ja, m\u00eb 18.12.2024 n\u00eb ora 00:51 n\u00eb SBP Shkup \u00ebsht\u00eb raportuar se n\u00eb rrug\u00ebn \u201cFinska\u201d n\u00eb Shkup ka shp\u00ebrthyer zjarr n\u00eb sht\u00ebpi, n\u00eb pron\u00ebsi t\u00eb M.A.(71).<\/p>\n\n\n\n<p>\u201cPas shuarjes s\u00eb zjarrit, nga nj\u00eb ekip i Brigad\u00ebs zjarrfik\u00ebse Shkup, pronari \u00ebsht\u00eb gjetur i vdekur, nd\u00ebrsa mjeku i ndihm\u00ebs emergjente e ka konstatuar vdekjen. Nd\u00ebrkaq, bashk\u00ebshortja e tij A.V (68) me simptoma t\u00eb mbytjes \u00ebsht\u00eb d\u00ebrguar n\u00eb Kompleksin e klinik\u00ebs \u201cN\u00ebn\u00eb Tereza\u201d n\u00eb Shkup, theksojn\u00eb nga MPB-ja.<\/p>\n\n\n\n<p>Zjarri \u00ebsht\u00eb shuar, nd\u00ebrsa kontrollI \u00ebsht\u00eb kryer nga ekipi i SPB Shkup.<\/p>\n","protected":false},"excerpt":{"rendered":"<p>Nga zjarri n&euml; nj&euml; sht&euml;pi n&euml; Shkup, q&euml; ka ndodhur mbr&euml;m&euml;, nj&euml; person ka humbur jet&euml;n, nd&euml;rsa nj&euml; tjet&euml;r &euml;sht&euml; d&euml;rguar n&euml; spital me simptoma t&euml; mbytjes. Si&ccedil; kumtoi MPB-ja, m&euml; 18.12.2024 n&euml; ora 00:51 n&euml; SBP Shkup &euml;sht&euml; raportuar se n&euml; rrug&euml;n &ldquo;Finska&rdquo; n&euml; Shkup ka shp&euml;rthyer zjarr n&euml; sht&euml;pi, n&euml; pron&euml;si t&euml; M.A.(71). [&hellip;]<\/p>\n","protected":false},"author":2,"featured_media":39081,"comment_status":"open","ping_status":"closed","sticky":false,"template":"","format":"standard","meta":{"_monsterinsights_skip_tracking":false,"_monsterinsights_sitenote_active":false,"_monsterinsights_sitenote_note":"","_monsterinsights_sitenote_category":0,"footnotes":""},"categories":[1],"tags":[],"class_list":["post-39080","post","type-post","status-publish","format-standard","has-post-thumbnail","hentry","category-vendi"],"_links":{"self":[{"href":"https:\/\/radiojehona.mk\/index.php?rest_route=\/wp\/v2\/posts\/39080","targetHints":{"allow":["GET"]}}],"collection":[{"href":"https:\/\/radiojehona.mk\/index.php?rest_route=\/wp\/v2\/posts"}],"about":[{"href":"https:\/\/radiojehona.mk\/index.php?rest_route=\/wp\/v2\/types\/post"}],"author":[{"embeddable":true,"href":"https:\/\/radiojehona.mk\/index.php?rest_route=\/wp\/v2\/users\/2"}],"replies":[{"embeddable":true,"href":"https:\/\/radiojehona.mk\/index.php?rest_route=%2Fwp%2Fv2%2Fcomments&post=39080"}],"version-history":[{"count":2,"href":"https:\/\/radiojehona.mk\/index.php?rest_route=\/wp\/v2\/posts\/39080\/revisions"}],"predecessor-version":[{"id":39083,"href":"https:\/\/radiojehona.mk\/index.php?rest_route=\/wp\/v2\/posts\/39080\/revisions\/39083"}],"wp:featuredmedia":[{"embeddable":true,"href":"https:\/\/radiojehona.mk\/index.php?rest_route=\/wp\/v2\/media\/39081"}],"wp:attachment":[{"href":"https:\/\/radiojehona.mk\/index.php?rest_route=%2Fwp%2Fv2%2Fmedia&parent=39080"}],"wp:term":[{"taxonomy":"category","embeddable":true,"href":"https:\/\/radiojehona.mk\/index.php?rest_route=%2Fwp%2Fv2%2Fcategories&post=39080"},{"taxonomy":"post_tag","embeddable":true,"href":"https:\/\/radiojehona.mk\/index.php?rest_route=%2Fwp%2Fv2%2Ftags&post=39080"}],"curies":[{"name":"wp","href":"https:\/\/api.w.org\/{rel}","templated":true}]}}