{"id":39077,"date":"2024-12-18T18:07:30","date_gmt":"2024-12-18T18:07:30","guid":{"rendered":"https:\/\/radiojehona.com\/?p=39077"},"modified":"2024-12-18T18:07:31","modified_gmt":"2024-12-18T18:07:31","slug":"vlen-firmosi-memorandum-bashkepunimi-me-ndi","status":"publish","type":"post","link":"https:\/\/radiojehona.mk\/?p=39077","title":{"rendered":"VLEN firmosi memorandum bashk\u00ebpunimi me NDI"},"content":{"rendered":"\n<figure class=\"wp-block-image size-large\"><img fetchpriority=\"high\" decoding=\"async\" width=\"1024\" height=\"716\" src=\"https:\/\/radiojehona.com\/wp-content\/uploads\/2024\/12\/IMG_9946-1024x716.jpeg\" alt=\"\" class=\"wp-image-39078\" srcset=\"https:\/\/radiojehona.mk\/wp-content\/uploads\/2024\/12\/IMG_9946-1024x716.jpeg 1024w, https:\/\/radiojehona.mk\/wp-content\/uploads\/2024\/12\/IMG_9946-300x210.jpeg 300w, https:\/\/radiojehona.mk\/wp-content\/uploads\/2024\/12\/IMG_9946-768x537.jpeg 768w, https:\/\/radiojehona.mk\/wp-content\/uploads\/2024\/12\/IMG_9946.jpeg 1125w\" sizes=\"(max-width: 1024px) 100vw, 1024px\" \/><\/figure>\n\n\n\n<p>Sot, n\u00eb zyrat e Institutit Komb\u00ebtar Demokratik (NDI) n\u00eb Maqedonin\u00eb e Veriut, koalicioni VLEN n\u00ebnshkroi Memorandumin e Bashk\u00ebpunimit \u201cFito me Integritet\u201d.<\/p>\n\n\n\n<p>\u201cKy memorandum pasqyron zotimin ton\u00eb p\u00ebr reforma t\u00eb thella brenda partive politike, me q\u00ebllim rritjen e besimit t\u00eb qytetar\u00ebve dhe sigurimin e nj\u00eb gare t\u00eb drejt\u00eb dhe transparente n\u00eb zgjedhjet e ardhshme.<\/p>\n\n\n\n<p>Me \u201cFito me Integritet\u201d, koalicioni VLEN angazhohet p\u00ebr:<br>\u2022 Krijimin e nj\u00eb kulture organizative p\u00ebrfshir\u00ebse;<br>\u2022 P\u00ebrzgjedhjen e kandidat\u00ebve bazuar n\u00eb meritokraci;<br>\u2022 Sigurimin e shanseve t\u00eb barabarta p\u00ebr t\u00eb gjith\u00eb;<br>\u2022 Garantimin e transparenc\u00ebs financiare.<\/p>\n\n\n\n<p>Ky \u00ebsht\u00eb nj\u00eb hap i r\u00ebnd\u00ebsish\u00ebm drejt nd\u00ebrtimit t\u00eb nj\u00eb politike m\u00eb t\u00eb ndershme dhe t\u00eb p\u00ebrgjegjshme n\u00eb sh\u00ebrbim t\u00eb qytetar\u00ebve\u201d, thuhet n\u00eb njoftimin e VLEN-it.<\/p>\n","protected":false},"excerpt":{"rendered":"<p>Sot, n&euml; zyrat e Institutit Komb&euml;tar Demokratik (NDI) n&euml; Maqedonin&euml; e Veriut, koalicioni VLEN n&euml;nshkroi Memorandumin e Bashk&euml;punimit &ldquo;Fito me Integritet&rdquo;. &ldquo;Ky memorandum pasqyron zotimin ton&euml; p&euml;r reforma t&euml; thella brenda partive politike, me q&euml;llim rritjen e besimit t&euml; qytetar&euml;ve dhe sigurimin e nj&euml; gare t&euml; drejt&euml; dhe transparente n&euml; zgjedhjet e ardhshme. Me &ldquo;Fito [&hellip;]<\/p>\n","protected":false},"author":2,"featured_media":39078,"comment_status":"open","ping_status":"closed","sticky":false,"template":"","format":"standard","meta":{"_monsterinsights_skip_tracking":false,"_monsterinsights_sitenote_active":false,"_monsterinsights_sitenote_note":"","_monsterinsights_sitenote_category":0,"footnotes":""},"categories":[1],"tags":[],"class_list":["post-39077","post","type-post","status-publish","format-standard","has-post-thumbnail","hentry","category-vendi"],"_links":{"self":[{"href":"https:\/\/radiojehona.mk\/index.php?rest_route=\/wp\/v2\/posts\/39077","targetHints":{"allow":["GET"]}}],"collection":[{"href":"https:\/\/radiojehona.mk\/index.php?rest_route=\/wp\/v2\/posts"}],"about":[{"href":"https:\/\/radiojehona.mk\/index.php?rest_route=\/wp\/v2\/types\/post"}],"author":[{"embeddable":true,"href":"https:\/\/radiojehona.mk\/index.php?rest_route=\/wp\/v2\/users\/2"}],"replies":[{"embeddable":true,"href":"https:\/\/radiojehona.mk\/index.php?rest_route=%2Fwp%2Fv2%2Fcomments&post=39077"}],"version-history":[{"count":1,"href":"https:\/\/radiojehona.mk\/index.php?rest_route=\/wp\/v2\/posts\/39077\/revisions"}],"predecessor-version":[{"id":39079,"href":"https:\/\/radiojehona.mk\/index.php?rest_route=\/wp\/v2\/posts\/39077\/revisions\/39079"}],"wp:featuredmedia":[{"embeddable":true,"href":"https:\/\/radiojehona.mk\/index.php?rest_route=\/wp\/v2\/media\/39078"}],"wp:attachment":[{"href":"https:\/\/radiojehona.mk\/index.php?rest_route=%2Fwp%2Fv2%2Fmedia&parent=39077"}],"wp:term":[{"taxonomy":"category","embeddable":true,"href":"https:\/\/radiojehona.mk\/index.php?rest_route=%2Fwp%2Fv2%2Fcategories&post=39077"},{"taxonomy":"post_tag","embeddable":true,"href":"https:\/\/radiojehona.mk\/index.php?rest_route=%2Fwp%2Fv2%2Ftags&post=39077"}],"curies":[{"name":"wp","href":"https:\/\/api.w.org\/{rel}","templated":true}]}}