{"id":39073,"date":"2024-12-18T18:05:11","date_gmt":"2024-12-18T18:05:11","guid":{"rendered":"https:\/\/radiojehona.com\/?p=39073"},"modified":"2024-12-18T18:05:11","modified_gmt":"2024-12-18T18:05:11","slug":"pezullohet-nga-puna-polici-qe-lejoi-kalimin-e-grubit-ne-kufi","status":"publish","type":"post","link":"https:\/\/radiojehona.mk\/?p=39073","title":{"rendered":"Pezullohet nga puna polici q\u00eb lejoi kalimin e Grubit n\u00eb kufi"},"content":{"rendered":"\n<figure class=\"wp-block-image size-large\"><img fetchpriority=\"high\" decoding=\"async\" width=\"1024\" height=\"647\" src=\"https:\/\/radiojehona.com\/wp-content\/uploads\/2024\/12\/IMG_9945-1024x647.jpeg\" alt=\"\" class=\"wp-image-39074\" srcset=\"https:\/\/radiojehona.mk\/wp-content\/uploads\/2024\/12\/IMG_9945-1024x647.jpeg 1024w, https:\/\/radiojehona.mk\/wp-content\/uploads\/2024\/12\/IMG_9945-300x190.jpeg 300w, https:\/\/radiojehona.mk\/wp-content\/uploads\/2024\/12\/IMG_9945-768x485.jpeg 768w, https:\/\/radiojehona.mk\/wp-content\/uploads\/2024\/12\/IMG_9945.jpeg 1125w\" sizes=\"(max-width: 1024px) 100vw, 1024px\" \/><\/figure>\n\n\n\n<p>Ministria e Pun\u00ebve t\u00eb Brendshme informoi se ka marr\u00eb masa disiplinore ndaj punonj\u00ebsit t\u00eb policis\u00eb B.J. pasi ai ka lejuar q\u00eb Artan Grubi ta kaloj\u00eb kufirin, edhe pse si\u00e7 thon\u00eb nga MPB ka pas nj\u00eb mas\u00eb aktive n\u00eb list\u00ebn e ndalimit \u201cmbaj dhe njofto menj\u00ebher\u00eb\u201d.<\/p>\n\n\n\n<p>\u201cPas kontrollimeve t\u00eb kryera, inspektimit t\u00eb materialeve zyrtare dhe pas analiz\u00ebs s\u00eb pamjeve t\u00eb siguris\u00eb nga kamerat e siguris\u00eb n\u00eb Stacionin Policor t\u00eb Pik\u00ebkalimit kufitar \u201cBllac\u00eb\u201d, Departamenti v\u00ebrtetoi se punonj\u00ebsi i policis\u00eb B.J. me veprimin e tij t\u00eb pap\u00ebrgjegjsh\u00ebm nuk ka realizuar kontrollet e duhura p\u00ebr automjetin \u201cMercedes\u201d gjat\u00eb kalimit t\u00eb kufirit shtet\u00ebror n\u00eb dalje nga RMV, nuk e ka regjistruar p\u00ebr daljen nga RVM dhe udh\u00ebtar\u00ebt e automjetit p\u00ebrkat\u00ebs A.P., me pasaport\u00eb diplomatike si shofer dhe A.G. me pasaport\u00eb maqedonase si pasagjer, i ka regjistruar si kalues t\u00eb kufirit n\u00eb k\u00ebmb\u00eb, duke e anashkaluar mbik\u00ebqyrjen e duhur dhe ka realizuar kontrollin kufitar n\u00eb sistemin SKPV p\u00ebr personin A.G. pa pritur q\u00eb sistemi t\u00eb verifikonte n\u00ebse personi kishte mas\u00ebn aktive \u201cmbaj dhe njofto menj\u00ebher\u00eb\u201d, dhe i ka dor\u00ebzuar pasaportat menj\u00ebher\u00eb, pas \u00e7ka ata kan\u00eb l\u00ebn\u00eb pik\u00ebkalimin kufitar\u201d, thon\u00eb nga MPB-ja.<\/p>\n","protected":false},"excerpt":{"rendered":"<p>Ministria e Pun&euml;ve t&euml; Brendshme informoi se ka marr&euml; masa disiplinore ndaj punonj&euml;sit t&euml; policis&euml; B.J. pasi ai ka lejuar q&euml; Artan Grubi ta kaloj&euml; kufirin, edhe pse si&ccedil; thon&euml; nga MPB ka pas nj&euml; mas&euml; aktive n&euml; list&euml;n e ndalimit &ldquo;mbaj dhe njofto menj&euml;her&euml;&rdquo;. &ldquo;Pas kontrollimeve t&euml; kryera, inspektimit t&euml; materialeve zyrtare dhe pas [&hellip;]<\/p>\n","protected":false},"author":2,"featured_media":39074,"comment_status":"open","ping_status":"closed","sticky":false,"template":"","format":"standard","meta":{"_monsterinsights_skip_tracking":false,"_monsterinsights_sitenote_active":false,"_monsterinsights_sitenote_note":"","_monsterinsights_sitenote_category":0,"footnotes":""},"categories":[1],"tags":[],"class_list":["post-39073","post","type-post","status-publish","format-standard","has-post-thumbnail","hentry","category-vendi"],"_links":{"self":[{"href":"https:\/\/radiojehona.mk\/index.php?rest_route=\/wp\/v2\/posts\/39073","targetHints":{"allow":["GET"]}}],"collection":[{"href":"https:\/\/radiojehona.mk\/index.php?rest_route=\/wp\/v2\/posts"}],"about":[{"href":"https:\/\/radiojehona.mk\/index.php?rest_route=\/wp\/v2\/types\/post"}],"author":[{"embeddable":true,"href":"https:\/\/radiojehona.mk\/index.php?rest_route=\/wp\/v2\/users\/2"}],"replies":[{"embeddable":true,"href":"https:\/\/radiojehona.mk\/index.php?rest_route=%2Fwp%2Fv2%2Fcomments&post=39073"}],"version-history":[{"count":2,"href":"https:\/\/radiojehona.mk\/index.php?rest_route=\/wp\/v2\/posts\/39073\/revisions"}],"predecessor-version":[{"id":39076,"href":"https:\/\/radiojehona.mk\/index.php?rest_route=\/wp\/v2\/posts\/39073\/revisions\/39076"}],"wp:featuredmedia":[{"embeddable":true,"href":"https:\/\/radiojehona.mk\/index.php?rest_route=\/wp\/v2\/media\/39074"}],"wp:attachment":[{"href":"https:\/\/radiojehona.mk\/index.php?rest_route=%2Fwp%2Fv2%2Fmedia&parent=39073"}],"wp:term":[{"taxonomy":"category","embeddable":true,"href":"https:\/\/radiojehona.mk\/index.php?rest_route=%2Fwp%2Fv2%2Fcategories&post=39073"},{"taxonomy":"post_tag","embeddable":true,"href":"https:\/\/radiojehona.mk\/index.php?rest_route=%2Fwp%2Fv2%2Ftags&post=39073"}],"curies":[{"name":"wp","href":"https:\/\/api.w.org\/{rel}","templated":true}]}}