{"id":39065,"date":"2024-12-18T17:37:07","date_gmt":"2024-12-18T17:37:07","guid":{"rendered":"https:\/\/radiojehona.com\/?p=39065"},"modified":"2024-12-18T17:37:07","modified_gmt":"2024-12-18T17:37:07","slug":"belgjika-perjeton-nje-nga-periudhat-me-te-erreta-nga-mungesa-e-diellit","status":"publish","type":"post","link":"https:\/\/radiojehona.mk\/?p=39065","title":{"rendered":"Belgjika p\u00ebrjeton nj\u00eb nga periudhat m\u00eb t\u00eb \u201cerr\u00ebta\u201d nga mungesa e diellit"},"content":{"rendered":"\n<figure class=\"wp-block-image size-large\"><img fetchpriority=\"high\" decoding=\"async\" width=\"1024\" height=\"593\" src=\"https:\/\/radiojehona.com\/wp-content\/uploads\/2024\/12\/IMG_9943-1024x593.jpeg\" alt=\"\" class=\"wp-image-39066\" srcset=\"https:\/\/radiojehona.mk\/wp-content\/uploads\/2024\/12\/IMG_9943-1024x593.jpeg 1024w, https:\/\/radiojehona.mk\/wp-content\/uploads\/2024\/12\/IMG_9943-300x174.jpeg 300w, https:\/\/radiojehona.mk\/wp-content\/uploads\/2024\/12\/IMG_9943-768x445.jpeg 768w, https:\/\/radiojehona.mk\/wp-content\/uploads\/2024\/12\/IMG_9943.jpeg 1125w\" sizes=\"(max-width: 1024px) 100vw, 1024px\" \/><\/figure>\n\n\n\n<p>Q\u00eb nga fillimi i dhjetorit, n\u00eb Belgjik\u00eb jan\u00eb par\u00eb gjithsej vet\u00ebm 6 or\u00eb e 11 minuta drit\u00eb dite. Sipas t\u00eb dh\u00ebnave t\u00eb Institutit Mbret\u00ebror Meteorologjik, dita m\u00eb me diell e k\u00ebtij muaji n\u00eb Bruksel ishte 1 dhjetori, kur dielli u shfaq vet\u00ebm p\u00ebr 3 or\u00eb e 44 minuta.<\/p>\n\n\n\n<p>Pas 1 or\u00eb e 55 minuta drit\u00eb t\u00eb dit\u00ebs m\u00eb 7 dhjetor, qielli u b\u00eb plot\u00ebsisht gri. Instituti raportoi se mesatarja e diellit p\u00ebr dhjetorin ishte gjithsej 48 or\u00eb e 35 minuta dhe ky muaj do t\u00eb ishte duksh\u00ebm n\u00ebn k\u00ebt\u00eb nivel. Q\u00eb nga mesi i tetorit, Brukseli ka par\u00eb rreth 6.5 or\u00eb drit\u00eb dite n\u00eb dit\u00ebn m\u00eb me diell.<\/p>\n\n\n\n<p>Kur p\u00ebrfshihen shtatori, tetori dhe n\u00ebntori, dielli ishte i duksh\u00ebm p\u00ebr nj\u00eb total prej 259 or\u00eb e 47 minuta. Sipas institutit, mesatarja p\u00ebr k\u00ebt\u00eb periudh\u00eb \u00ebsht\u00eb 332 or\u00eb e 52 minuta. Sipas matjeve q\u00eb nis\u00ebn n\u00eb vitin 1981, n\u00eb 3 muajt e fundit vendi p\u00ebrjetoi nj\u00eb nga periudhat e tij m\u00eb t\u00eb \u201cerr\u00ebta\u201d.<\/p>\n","protected":false},"excerpt":{"rendered":"<p>Q&euml; nga fillimi i dhjetorit, n&euml; Belgjik&euml; jan&euml; par&euml; gjithsej vet&euml;m 6 or&euml; e 11 minuta drit&euml; dite. Sipas t&euml; dh&euml;nave t&euml; Institutit Mbret&euml;ror Meteorologjik, dita m&euml; me diell e k&euml;tij muaji n&euml; Bruksel ishte 1 dhjetori, kur dielli u shfaq vet&euml;m p&euml;r 3 or&euml; e 44 minuta. Pas 1 or&euml; e 55 minuta drit&euml; [&hellip;]<\/p>\n","protected":false},"author":2,"featured_media":39066,"comment_status":"open","ping_status":"closed","sticky":false,"template":"","format":"standard","meta":{"_monsterinsights_skip_tracking":false,"_monsterinsights_sitenote_active":false,"_monsterinsights_sitenote_note":"","_monsterinsights_sitenote_category":0,"footnotes":""},"categories":[569],"tags":[],"class_list":["post-39065","post","type-post","status-publish","format-standard","has-post-thumbnail","hentry","category-bota"],"_links":{"self":[{"href":"https:\/\/radiojehona.mk\/index.php?rest_route=\/wp\/v2\/posts\/39065","targetHints":{"allow":["GET"]}}],"collection":[{"href":"https:\/\/radiojehona.mk\/index.php?rest_route=\/wp\/v2\/posts"}],"about":[{"href":"https:\/\/radiojehona.mk\/index.php?rest_route=\/wp\/v2\/types\/post"}],"author":[{"embeddable":true,"href":"https:\/\/radiojehona.mk\/index.php?rest_route=\/wp\/v2\/users\/2"}],"replies":[{"embeddable":true,"href":"https:\/\/radiojehona.mk\/index.php?rest_route=%2Fwp%2Fv2%2Fcomments&post=39065"}],"version-history":[{"count":2,"href":"https:\/\/radiojehona.mk\/index.php?rest_route=\/wp\/v2\/posts\/39065\/revisions"}],"predecessor-version":[{"id":39068,"href":"https:\/\/radiojehona.mk\/index.php?rest_route=\/wp\/v2\/posts\/39065\/revisions\/39068"}],"wp:featuredmedia":[{"embeddable":true,"href":"https:\/\/radiojehona.mk\/index.php?rest_route=\/wp\/v2\/media\/39066"}],"wp:attachment":[{"href":"https:\/\/radiojehona.mk\/index.php?rest_route=%2Fwp%2Fv2%2Fmedia&parent=39065"}],"wp:term":[{"taxonomy":"category","embeddable":true,"href":"https:\/\/radiojehona.mk\/index.php?rest_route=%2Fwp%2Fv2%2Fcategories&post=39065"},{"taxonomy":"post_tag","embeddable":true,"href":"https:\/\/radiojehona.mk\/index.php?rest_route=%2Fwp%2Fv2%2Ftags&post=39065"}],"curies":[{"name":"wp","href":"https:\/\/api.w.org\/{rel}","templated":true}]}}