{"id":39062,"date":"2024-12-18T16:55:08","date_gmt":"2024-12-18T16:55:08","guid":{"rendered":"https:\/\/radiojehona.com\/?p=39062"},"modified":"2024-12-18T16:55:09","modified_gmt":"2024-12-18T16:55:09","slug":"gjykata-penale-e-shkupit-e-ka-refuzuar-kerkesen-e-agim-islamit-per-rigjykim-te-rastit-alfa","status":"publish","type":"post","link":"https:\/\/radiojehona.mk\/?p=39062","title":{"rendered":"Gjykata Penale e Shkupit e ka refuzuar k\u00ebrkes\u00ebn e Agim Islamit p\u00ebr rigjykim t\u00eb rastit Alfa"},"content":{"rendered":"\n<figure class=\"wp-block-image size-large\"><img fetchpriority=\"high\" decoding=\"async\" width=\"754\" height=\"1024\" src=\"https:\/\/radiojehona.com\/wp-content\/uploads\/2024\/12\/IMG_9942-754x1024.jpeg\" alt=\"\" class=\"wp-image-39063\" srcset=\"https:\/\/radiojehona.mk\/wp-content\/uploads\/2024\/12\/IMG_9942-754x1024.jpeg 754w, https:\/\/radiojehona.mk\/wp-content\/uploads\/2024\/12\/IMG_9942-221x300.jpeg 221w, https:\/\/radiojehona.mk\/wp-content\/uploads\/2024\/12\/IMG_9942-768x1042.jpeg 768w, https:\/\/radiojehona.mk\/wp-content\/uploads\/2024\/12\/IMG_9942.jpeg 1125w\" sizes=\"(max-width: 754px) 100vw, 754px\" \/><\/figure>\n\n\n\n<p>Gjykata Penale e Shkupit e ka refuzuar k\u00ebrkes\u00ebn e Agim Islamit p\u00ebr rigjykim t\u00eb rastit Alfa.<\/p>\n\n\n\n<p>Gjykata Penale e Shkupit e ka refuzuar k\u00ebrkes\u00ebn e Agim Islamit p\u00ebr rigjykim t\u00eb rastit Alfa, n\u00eb lidhje me vrasjen q\u00eb ka ndodhur para 16 vitesh n\u00eb parkingun e Fakultetit Matematiko-natyror n\u00eb Shkup. Rasti \u201cAlfa\u201d, vazhdon edhe pas kaq koh\u00ebsh t\u00eb jet\u00eb n\u00eb fokus t\u00eb opinionit p\u00ebr shkak se t\u00eb d\u00ebnuarit nuk e pranojn\u00eb fajin dhe kan\u00eb akuzuar p\u00ebr montim. P\u00ebr t\u00eb cil\u00ebn, madje u krye edhe ekspertiz\u00eb me t\u00eb cil\u00ebn, sipas mbrojtjes, Islami del se \u00ebsht\u00eb i pafajsh\u00ebm pasi q\u00eb nuk ka qen\u00eb n\u00eb at\u00eb ngjarje. Gjykata, i ka refuzuar ekspertizat me arsyen se nuk ka ekspert\u00eb t\u00eb Byros\u00eb p\u00ebr Ekspertiza dhe nuk mundet t\u00eb futen ekspert\u00eb nga jasht\u00eb. Nga burgu ka reaguar edhe vet Islami. Ky vendim sipas tij \u00ebsht\u00eb i padrejt\u00eb, nd\u00ebrsa ankohet se \u00ebsht\u00eb dor\u00ebzuar pas afatit t\u00eb ankes\u00ebs n\u00eb Gjykat\u00ebn e Apelit. \/<strong>Alsat.mk<\/strong><br><br><br><\/p>\n\n\n\n<p><\/p>\n","protected":false},"excerpt":{"rendered":"<p>Gjykata Penale e Shkupit e ka refuzuar k&euml;rkes&euml;n e Agim Islamit p&euml;r rigjykim t&euml; rastit Alfa. Gjykata Penale e Shkupit e ka refuzuar k&euml;rkes&euml;n e Agim Islamit p&euml;r rigjykim t&euml; rastit Alfa, n&euml; lidhje me vrasjen q&euml; ka ndodhur para 16 vitesh n&euml; parkingun e Fakultetit Matematiko-natyror n&euml; Shkup. Rasti &ldquo;Alfa&rdquo;, vazhdon edhe pas kaq [&hellip;]<\/p>\n","protected":false},"author":2,"featured_media":39063,"comment_status":"open","ping_status":"closed","sticky":false,"template":"","format":"standard","meta":{"_monsterinsights_skip_tracking":false,"_monsterinsights_sitenote_active":false,"_monsterinsights_sitenote_note":"","_monsterinsights_sitenote_category":0,"footnotes":""},"categories":[1],"tags":[],"class_list":["post-39062","post","type-post","status-publish","format-standard","has-post-thumbnail","hentry","category-vendi"],"_links":{"self":[{"href":"https:\/\/radiojehona.mk\/index.php?rest_route=\/wp\/v2\/posts\/39062","targetHints":{"allow":["GET"]}}],"collection":[{"href":"https:\/\/radiojehona.mk\/index.php?rest_route=\/wp\/v2\/posts"}],"about":[{"href":"https:\/\/radiojehona.mk\/index.php?rest_route=\/wp\/v2\/types\/post"}],"author":[{"embeddable":true,"href":"https:\/\/radiojehona.mk\/index.php?rest_route=\/wp\/v2\/users\/2"}],"replies":[{"embeddable":true,"href":"https:\/\/radiojehona.mk\/index.php?rest_route=%2Fwp%2Fv2%2Fcomments&post=39062"}],"version-history":[{"count":1,"href":"https:\/\/radiojehona.mk\/index.php?rest_route=\/wp\/v2\/posts\/39062\/revisions"}],"predecessor-version":[{"id":39064,"href":"https:\/\/radiojehona.mk\/index.php?rest_route=\/wp\/v2\/posts\/39062\/revisions\/39064"}],"wp:featuredmedia":[{"embeddable":true,"href":"https:\/\/radiojehona.mk\/index.php?rest_route=\/wp\/v2\/media\/39063"}],"wp:attachment":[{"href":"https:\/\/radiojehona.mk\/index.php?rest_route=%2Fwp%2Fv2%2Fmedia&parent=39062"}],"wp:term":[{"taxonomy":"category","embeddable":true,"href":"https:\/\/radiojehona.mk\/index.php?rest_route=%2Fwp%2Fv2%2Fcategories&post=39062"},{"taxonomy":"post_tag","embeddable":true,"href":"https:\/\/radiojehona.mk\/index.php?rest_route=%2Fwp%2Fv2%2Ftags&post=39062"}],"curies":[{"name":"wp","href":"https:\/\/api.w.org\/{rel}","templated":true}]}}