{"id":39059,"date":"2024-12-18T16:13:30","date_gmt":"2024-12-18T16:13:30","guid":{"rendered":"https:\/\/radiojehona.com\/?p=39059"},"modified":"2024-12-18T16:13:31","modified_gmt":"2024-12-18T16:13:31","slug":"semundjet-prioritare-te-shkences-per-vitin-2025","status":"publish","type":"post","link":"https:\/\/radiojehona.mk\/?p=39059","title":{"rendered":"S\u00ebmundjet PRIORITARE t\u00eb shkenc\u00ebs p\u00ebr vitin 2025!"},"content":{"rendered":"\n<figure class=\"wp-block-image size-large\"><img fetchpriority=\"high\" decoding=\"async\" width=\"1024\" height=\"568\" src=\"https:\/\/radiojehona.com\/wp-content\/uploads\/2024\/12\/IMG_9941-1024x568.jpeg\" alt=\"\" class=\"wp-image-39060\" srcset=\"https:\/\/radiojehona.mk\/wp-content\/uploads\/2024\/12\/IMG_9941-1024x568.jpeg 1024w, https:\/\/radiojehona.mk\/wp-content\/uploads\/2024\/12\/IMG_9941-300x166.jpeg 300w, https:\/\/radiojehona.mk\/wp-content\/uploads\/2024\/12\/IMG_9941-768x426.jpeg 768w, https:\/\/radiojehona.mk\/wp-content\/uploads\/2024\/12\/IMG_9941.jpeg 1125w\" sizes=\"(max-width: 1024px) 100vw, 1024px\" \/><\/figure>\n\n\n\n<p>Jo nj\u00eb renditje, por nj\u00eb p\u00ebrzgjedhje eksperimentesh n\u00eb nj\u00eb faz\u00eb t\u00eb avancuar&#8230;<br>S\u00ebmundjet e rralla, obeziteti, kequshqyerja, kanceri dhe sh\u00ebndeti mendor. \u201cK\u00ebto jan\u00eb disa nga fushat e mjek\u00ebsis\u00eb n\u00eb t\u00eb cilat 2025 mund t\u00eb shohin risit\u00eb potencialisht revolucionare\u201d. 11 ekspert\u00eb jan\u00eb thirrur p\u00ebr t\u00eb shprehur parashikimet e tyre mbi sprovat e destinuara t\u00eb ken\u00eb ndikimin m\u00eb t\u00eb madh n\u00eb sh\u00ebndetin e planetit vitin e ardhsh\u00ebm. Jo nj\u00eb renditje, por nj\u00eb p\u00ebrzgjedhje eksperimentesh n\u00eb nj\u00eb faz\u00eb t\u00eb avancuar, e cila ndihmon p\u00ebr t\u00eb marr\u00eb nj\u00eb ide p\u00ebr fushat n\u00eb t\u00eb cilat k\u00ebrkimi \u00ebsht\u00eb sot m\u00eb i gjall\u00eb se kurr\u00eb nga t\u00eb cilat mund t\u00eb mb\u00ebrrijn\u00eb risi t\u00eb m\u00ebdha n\u00eb t\u00eb ardhmen e af\u00ebrt.<\/p>\n\n\n\n<p>P\u00ebrqindja e njer\u00ebzve t\u00eb mosh\u00ebs 16 vje\u00e7 e lart q\u00eb konsideroheshin mbipesh\u00eb (para-obez dhe obez) n\u00eb vitin 2022 ishte 50.6% n\u00eb Bashkimin Europian, sipas t\u00eb dh\u00ebnave q\u00eb jan\u00eb p\u00ebrdit\u00ebsuar s\u00eb fundmi nga Eurostat-i. Shifrat p\u00ebrfshijn\u00eb dhe Shqip\u00ebrin\u00eb, ku sipas Eurostat 56.5% e shqiptar\u00ebve mbi 16 vje\u00e7 konsiderohen mbi pesh\u00eb. N\u00eb k\u00ebto nivele, Shqip\u00ebria renditet e 11 dhe konsiderohet si nj\u00eb nd\u00ebr vendet q\u00eb kan\u00eb nivelin m\u00eb t\u00eb lart\u00eb t\u00eb obezitetit n\u00eb Europ\u00eb, duke u ngjyrosur n\u00eb hart\u00eb me blu. M\u00eb t\u00eb sh\u00ebndosh\u00ebt e Europ\u00ebs jan\u00eb maltez\u00ebt, 62% e t\u00eb cil\u00ebve konsiderohen mbipesh\u00eb. Pas tyre vjen Finlanda (59.5), Letonia (59.2), Rumania (58.9), Lituania (58.5), Polonia (57.8), Hungaria (57.5), Sllovakia (57.5), Kroacia (57.2), Turqia (57.1) dhe m\u00eb pas Shqip\u00ebria (56.5).<\/p>\n\n\n\n<p>Rikujtojm\u00eb se Zenocutuzumab \u00ebsht\u00eb miratuar p\u00ebr kancerin e pankreasit dhe kancerin e mushk\u00ebrive me qeliza jo t\u00eb vogla (NSCLC), i cili p\u00ebrb\u00ebn rreth 85 p\u00ebr qind t\u00eb t\u00eb gjitha rasteve t\u00eb kancerit t\u00eb mushk\u00ebrive. Ila\u00e7i ndihmon sistemin imunitar t\u00eb shkat\u00ebrroj\u00eb drejtp\u00ebrdrejt qelizat e kancerit. Administrata Amerikane e Ushqimit dhe Barnave (FDA) ka dh\u00ebn\u00eb miratimin e p\u00ebrshpejtuar p\u00ebr Zenocutuzumab, nj\u00eb ila\u00e7 i ri p\u00ebr t\u00eb rriturit me kancer t\u00eb avancuar t\u00eb mushk\u00ebrive dhe pankreasit. Ila\u00e7i \u00ebsht\u00eb trajtimi i par\u00eb gjith\u00ebp\u00ebrfshir\u00ebs i miratuar p\u00ebr kanceret q\u00eb jan\u00eb p\u00ebrhapur ose q\u00eb nuk mund t\u00eb hiqen me kirurgji.<\/p>\n","protected":false},"excerpt":{"rendered":"<p>Jo nj&euml; renditje, por nj&euml; p&euml;rzgjedhje eksperimentesh n&euml; nj&euml; faz&euml; t&euml; avancuar&hellip;S&euml;mundjet e rralla, obeziteti, kequshqyerja, kanceri dhe sh&euml;ndeti mendor. &ldquo;K&euml;to jan&euml; disa nga fushat e mjek&euml;sis&euml; n&euml; t&euml; cilat 2025 mund t&euml; shohin risit&euml; potencialisht revolucionare&rdquo;. 11 ekspert&euml; jan&euml; thirrur p&euml;r t&euml; shprehur parashikimet e tyre mbi sprovat e destinuara t&euml; ken&euml; ndikimin m&euml; [&hellip;]<\/p>\n","protected":false},"author":2,"featured_media":39060,"comment_status":"open","ping_status":"closed","sticky":false,"template":"","format":"standard","meta":{"_monsterinsights_skip_tracking":false,"_monsterinsights_sitenote_active":false,"_monsterinsights_sitenote_note":"","_monsterinsights_sitenote_category":0,"footnotes":""},"categories":[572],"tags":[],"class_list":["post-39059","post","type-post","status-publish","format-standard","has-post-thumbnail","hentry","category-shendeti"],"_links":{"self":[{"href":"https:\/\/radiojehona.mk\/index.php?rest_route=\/wp\/v2\/posts\/39059","targetHints":{"allow":["GET"]}}],"collection":[{"href":"https:\/\/radiojehona.mk\/index.php?rest_route=\/wp\/v2\/posts"}],"about":[{"href":"https:\/\/radiojehona.mk\/index.php?rest_route=\/wp\/v2\/types\/post"}],"author":[{"embeddable":true,"href":"https:\/\/radiojehona.mk\/index.php?rest_route=\/wp\/v2\/users\/2"}],"replies":[{"embeddable":true,"href":"https:\/\/radiojehona.mk\/index.php?rest_route=%2Fwp%2Fv2%2Fcomments&post=39059"}],"version-history":[{"count":1,"href":"https:\/\/radiojehona.mk\/index.php?rest_route=\/wp\/v2\/posts\/39059\/revisions"}],"predecessor-version":[{"id":39061,"href":"https:\/\/radiojehona.mk\/index.php?rest_route=\/wp\/v2\/posts\/39059\/revisions\/39061"}],"wp:featuredmedia":[{"embeddable":true,"href":"https:\/\/radiojehona.mk\/index.php?rest_route=\/wp\/v2\/media\/39060"}],"wp:attachment":[{"href":"https:\/\/radiojehona.mk\/index.php?rest_route=%2Fwp%2Fv2%2Fmedia&parent=39059"}],"wp:term":[{"taxonomy":"category","embeddable":true,"href":"https:\/\/radiojehona.mk\/index.php?rest_route=%2Fwp%2Fv2%2Fcategories&post=39059"},{"taxonomy":"post_tag","embeddable":true,"href":"https:\/\/radiojehona.mk\/index.php?rest_route=%2Fwp%2Fv2%2Ftags&post=39059"}],"curies":[{"name":"wp","href":"https:\/\/api.w.org\/{rel}","templated":true}]}}