{"id":39052,"date":"2024-12-18T16:05:17","date_gmt":"2024-12-18T16:05:17","guid":{"rendered":"https:\/\/radiojehona.com\/?p=39052"},"modified":"2024-12-18T16:05:17","modified_gmt":"2024-12-18T16:05:17","slug":"microsoft-paralajmeron-perdoruesit-e-windows-11-es-ne-kompjutere-te-vjeter","status":"publish","type":"post","link":"https:\/\/radiojehona.mk\/?p=39052","title":{"rendered":"Microsoft paralajm\u00ebron p\u00ebrdoruesit e Windows 11-\u00ebs n\u00eb kompjuter\u00eb t\u00eb vjet\u00ebr"},"content":{"rendered":"\n<figure class=\"wp-block-image size-large\"><img fetchpriority=\"high\" decoding=\"async\" width=\"1024\" height=\"669\" src=\"https:\/\/radiojehona.com\/wp-content\/uploads\/2024\/12\/IMG_9939-1024x669.jpeg\" alt=\"\" class=\"wp-image-39053\" srcset=\"https:\/\/radiojehona.mk\/wp-content\/uploads\/2024\/12\/IMG_9939-1024x669.jpeg 1024w, https:\/\/radiojehona.mk\/wp-content\/uploads\/2024\/12\/IMG_9939-300x196.jpeg 300w, https:\/\/radiojehona.mk\/wp-content\/uploads\/2024\/12\/IMG_9939-768x502.jpeg 768w, https:\/\/radiojehona.mk\/wp-content\/uploads\/2024\/12\/IMG_9939.jpeg 1125w\" sizes=\"(max-width: 1024px) 100vw, 1024px\" \/><\/figure>\n\n\n\n<p>Jo shum\u00eb koh\u00eb m\u00eb par\u00eb Microsoft dukej mjaft i vendosur lidhur me k\u00ebrkes\u00ebn p\u00ebr nj\u00eb \u00e7ip TPM 2.0 n\u00eb m\u00ebnyr\u00eb q\u00eb t\u00eb ishte i mundur instalimi i Windows 11-\u00ebs.<\/p>\n\n\n\n<p>P\u00ebrmes nj\u00eb faqeje suporti kompania pranon se Windows 11-ta mund t\u00eb instalohet n\u00eb nj\u00eb pajisje q\u00eb nuk plot\u00ebson k\u00ebt\u00eb kriter por e fillon me nj\u00eb paralajm\u00ebrim t\u00eb qart\u00eb:<\/p>\n\n\n\n<p>\u201c<em>Instalimi i Windows 11 n\u00eb nj\u00eb pajisje q\u00eb nuk plot\u00ebson k\u00ebrkesat minimale t\u00eb sistemit t\u00eb Windows 11 nuk rekomandohet. N\u00ebse Windows 11 \u00ebsht\u00eb i instaluar n\u00eb harduer t\u00eb pap\u00ebrshtatsh\u00ebm, duhet t\u00eb jeni t\u00eb pranoni rrezikun e problemeve t\u00eb papajtueshm\u00ebris\u00eb<\/em>.\u201d<\/p>\n\n\n\n<p>Rreziku p\u00ebr t\u00eb cilin Microsoft flet \u00ebsht\u00eb padyshim mund\u00ebsia e d\u00ebshtimeve t\u00eb sistemit apo mos-instalimi i p\u00ebrdit\u00ebsime kritike t\u00eb siguris\u00eb q\u00eb duhet ta mbajn\u00eb kompjuterin t\u00eb mbrojtur dhe sigurte p\u00ebrball\u00eb maluer\u00ebve, hak\u00ebrreve dhe mashtruesve.<\/p>\n\n\n\n<p>M\u00eb 12 Dhjetor Microsoft p\u00ebrdit\u00ebsoi faqen e suportit duke th\u00ebn\u00eb se nuk mb\u00ebshtet as inkurajon instalimin e Windows 11-\u00ebs n\u00eb sisteme q\u00eb nuk plot\u00ebsojn\u00eb kriteret:<\/p>\n\n\n\n<p>\u201c<em>N\u00ebse keni instaluar Windows 11 n\u00eb nj\u00eb pajisje q\u00eb nuk plot\u00ebson k\u00ebrkesat e sistemit Windows 11, Microsoft rekomandon q\u00eb t\u00eb ktheheni menj\u00ebher\u00eb n\u00eb Windows 10<\/em>.\u201d<\/p>\n\n\n\n<p>\/PCWorld Albanian<\/p>\n","protected":false},"excerpt":{"rendered":"<p>Jo shum&euml; koh&euml; m&euml; par&euml; Microsoft dukej mjaft i vendosur lidhur me k&euml;rkes&euml;n p&euml;r nj&euml; &ccedil;ip TPM 2.0 n&euml; m&euml;nyr&euml; q&euml; t&euml; ishte i mundur instalimi i Windows 11-&euml;s. P&euml;rmes nj&euml; faqeje suporti kompania pranon se Windows 11-ta mund t&euml; instalohet n&euml; nj&euml; pajisje q&euml; nuk plot&euml;son k&euml;t&euml; kriter por e fillon me nj&euml; paralajm&euml;rim [&hellip;]<\/p>\n","protected":false},"author":2,"featured_media":39053,"comment_status":"open","ping_status":"closed","sticky":false,"template":"","format":"standard","meta":{"_monsterinsights_skip_tracking":false,"_monsterinsights_sitenote_active":false,"_monsterinsights_sitenote_note":"","_monsterinsights_sitenote_category":0,"footnotes":""},"categories":[571],"tags":[],"class_list":["post-39052","post","type-post","status-publish","format-standard","has-post-thumbnail","hentry","category-teknologji"],"_links":{"self":[{"href":"https:\/\/radiojehona.mk\/index.php?rest_route=\/wp\/v2\/posts\/39052","targetHints":{"allow":["GET"]}}],"collection":[{"href":"https:\/\/radiojehona.mk\/index.php?rest_route=\/wp\/v2\/posts"}],"about":[{"href":"https:\/\/radiojehona.mk\/index.php?rest_route=\/wp\/v2\/types\/post"}],"author":[{"embeddable":true,"href":"https:\/\/radiojehona.mk\/index.php?rest_route=\/wp\/v2\/users\/2"}],"replies":[{"embeddable":true,"href":"https:\/\/radiojehona.mk\/index.php?rest_route=%2Fwp%2Fv2%2Fcomments&post=39052"}],"version-history":[{"count":1,"href":"https:\/\/radiojehona.mk\/index.php?rest_route=\/wp\/v2\/posts\/39052\/revisions"}],"predecessor-version":[{"id":39054,"href":"https:\/\/radiojehona.mk\/index.php?rest_route=\/wp\/v2\/posts\/39052\/revisions\/39054"}],"wp:featuredmedia":[{"embeddable":true,"href":"https:\/\/radiojehona.mk\/index.php?rest_route=\/wp\/v2\/media\/39053"}],"wp:attachment":[{"href":"https:\/\/radiojehona.mk\/index.php?rest_route=%2Fwp%2Fv2%2Fmedia&parent=39052"}],"wp:term":[{"taxonomy":"category","embeddable":true,"href":"https:\/\/radiojehona.mk\/index.php?rest_route=%2Fwp%2Fv2%2Fcategories&post=39052"},{"taxonomy":"post_tag","embeddable":true,"href":"https:\/\/radiojehona.mk\/index.php?rest_route=%2Fwp%2Fv2%2Ftags&post=39052"}],"curies":[{"name":"wp","href":"https:\/\/api.w.org\/{rel}","templated":true}]}}