{"id":39048,"date":"2024-12-18T15:53:30","date_gmt":"2024-12-18T15:53:30","guid":{"rendered":"https:\/\/radiojehona.com\/?p=39048"},"modified":"2024-12-18T15:53:30","modified_gmt":"2024-12-18T15:53:30","slug":"cfare-i-ndodh-trupit-nese-hani-mandarina-cdo-dite","status":"publish","type":"post","link":"https:\/\/radiojehona.mk\/?p=39048","title":{"rendered":"\u00c7far\u00eb i ndodh trupit n\u00ebse hani mandarina \u00e7do dit\u00eb"},"content":{"rendered":"\n<figure class=\"wp-block-image size-large\"><img fetchpriority=\"high\" decoding=\"async\" width=\"1024\" height=\"566\" src=\"https:\/\/radiojehona.com\/wp-content\/uploads\/2024\/12\/IMG_9938-1024x566.jpeg\" alt=\"\" class=\"wp-image-39049\" srcset=\"https:\/\/radiojehona.mk\/wp-content\/uploads\/2024\/12\/IMG_9938-1024x566.jpeg 1024w, https:\/\/radiojehona.mk\/wp-content\/uploads\/2024\/12\/IMG_9938-300x166.jpeg 300w, https:\/\/radiojehona.mk\/wp-content\/uploads\/2024\/12\/IMG_9938-768x425.jpeg 768w, https:\/\/radiojehona.mk\/wp-content\/uploads\/2024\/12\/IMG_9938.jpeg 1125w\" sizes=\"(max-width: 1024px) 100vw, 1024px\" \/><\/figure>\n\n\n\n<p>Mandarinat e Xarr\u00ebs tashm\u00eb jan\u00eb shnd\u00ebrruar n\u00eb krenari, jo vet\u00ebm p\u00ebr zon\u00ebn ku mbillen e rriten me p\u00ebrkujdesje, por edhe n\u00eb t\u00eb gjith\u00eb Shqip\u00ebrin\u00eb.<\/p>\n\n\n\n<p>A ju ka marr\u00eb malli p\u00ebr Mandarinat e Xarr\u00ebs, Borshit dhe Sarand\u00ebs?<\/p>\n\n\n\n<p>Mandarinat jan\u00eb fruti m\u00eb i p\u00eblqyer dhe k\u00ebrkuar n\u00eb treg gjat\u00eb stin\u00ebs n\u00eb vijim.<\/p>\n\n\n\n<p>Antioksidant\u00ebt q\u00eb gjenden tek mandarinat, ulin kolesterolin e keq dhe largojn\u00eb radikalet e lira n\u00eb organiz\u00ebm.<\/p>\n\n\n\n<p>Shum\u00eb t\u00eb pasura me fibra, mandarinat stimulojn\u00eb r\u00ebnien n\u00eb pesh\u00eb.<\/p>\n\n\n\n<p>Sipas informacioneve t\u00eb AgroWeb.org, n\u00ebse konsumoni mandarina rregullisht, tensioni juaj i gjakut do t\u00eb jet\u00eb m\u00eb i ekuilibruar.<\/p>\n\n\n\n<p>Vitamina C tek ky frut plot shije lufton t\u00eb ftohtin e gripin dhe forcon imunitetin.<\/p>\n\n\n\n<p>Vitamin\u00eb C p\u00ebr p\u00ebrthithjen e hekurit<\/p>\n\n\n\n<p>Konsumi i mandarinave ose&nbsp;i ushqimeve t\u00eb tjera t\u00eb pasura me vitamin\u00eb C, nd\u00ebrsa keni ngr\u00ebn\u00eb produkte me p\u00ebrmbajtje t\u00eb lart\u00eb hekuri, rrit mjaft thithjen e k\u00ebtij minerali nga organizmi juaj.<\/p>\n\n\n\n<p>Konsumi i mandarinave \u00ebsht\u00eb nj\u00eb nga metodat m\u00eb t\u00eb m\u00ebdha natyrore p\u00ebr t\u00eb mbrojtur zemr\u00ebn tuaj nga d\u00ebmtimi dhe p\u00ebr t\u00eb minimizuar sasit\u00eb e kolesterolit brenda gjakut tuaj.<\/p>\n\n\n\n<p>Mandarinat si agrume shmangin d\u00ebmtimin oksidues brenda arterieve tuaja dhe riparon elasticitetin e en\u00ebve t\u00eb gjakut.<\/p>\n\n\n\n<p>T\u00eb gjitha agrumet jan\u00eb mir\u00ebb\u00ebr\u00ebse p\u00ebr zemr\u00ebn.<\/p>\n\n\n\n<p>Tregjet e Europ\u00ebs n\u00eb k\u00ebrkim t\u00eb mandarin\u00ebs shqiptare<\/p>\n\n\n\n<p>Shqip\u00ebria \u00ebsht\u00eb duke u shnd\u00ebrruar n\u00eb nj\u00eb konkurrente t\u00eb fort\u00eb n\u00eb Evrop\u00eb n\u00eb tregun e mandarinave, krahas Italis\u00eb, Greqis\u00eb dhe Spanj\u00ebs.<\/p>\n\n\n\n<p>Aktualisht, fermer\u00ebt e Konispolit kan\u00eb nisur me intentistet vjeljen dhe ngarkimin e arkave me destinacion eksportin drejt tregjeve evropiane.<\/p>\n\n\n\n<p>Fermer\u00ebt pohojn\u00eb p\u00ebr AgroWeb.org se pothuajse gati gjysma e prodhimit t\u00eb mandarinave shkon p\u00ebr furnizimin e tregut vendas.<\/p>\n\n\n\n<p>Nd\u00ebrsa gjysma tjet\u00ebr p\u00ebr t\u00eb plot\u00ebsuar k\u00ebrkesat e tregjeve evropiane, t\u00eb cilat n\u00eb k\u00ebt\u00eb stin\u00eb i kan\u00eb drejtuar syt\u00eb nga Shqip\u00ebria. Sidomos p\u00ebr furnizimin me mandarina.<\/p>\n\n\n\n<p>K\u00ebrkesa e tregjeve evropiane sa vjen dhe rritet.<\/p>\n\n\n\n<p>Ndaj dhe fermer\u00ebt e Konispolit po nd\u00ebrmarrin t\u00eb tjer\u00eb hapa n\u00eb zgjerimin e m\u00ebtejsh\u00ebm t\u00eb kultivitimit t\u00eb k\u00ebtij frutit t\u00eb art\u00eb dim\u00ebror.<\/p>\n\n\n\n<p>Mandarinat e xarr\u00ebs \u2013 nj\u00eb histori suksesi<\/p>\n\n\n\n<p>Duke funksionuar si qend\u00ebr grumbullimi e shp\u00ebrndarjeje, Xarra n\u00eb Sarand\u00eb, ka v\u00ebn\u00eb n\u00eb funksion t\u00eb mandarin\u00ebs \u201cs\u00eb saj\u201d, rreth 800 hektar\u00eb tok\u00eb, ku jan\u00eb mbjell\u00eb mbi 450 mij\u00eb pem\u00eb.<\/p>\n\n\n\n<p>Prodhimi arrin deri n\u00eb 16 mij\u00eb ton prej tyre.<\/p>\n\n\n\n<p>Nd\u00ebrkoh\u00eb q\u00eb kujdesen p\u00ebr mandarin\u00ebn, Xarra siguron pun\u00eb periodike edhe p\u00ebr rreth 400 pun\u00ebtor\u00eb, q\u00eb vijn\u00eb edhe nga qytete t\u00eb tjera si Berati, Fieri, Lushnja, Librazhdi etj, t\u00eb cil\u00ebt arrijn\u00eb t\u00eb p\u00ebrfitojn\u00eb 1500-2000 lek\u00eb t\u00eb reja n\u00eb dit\u00eb.<\/p>\n\n\n\n<p>\u20188 mij\u00eb ton nga prodhimi yn\u00eb shkon p\u00ebr furnizimin e tregut t\u00eb brendsh\u00ebm, 8 mij\u00eb ton p\u00ebr n\u00eb Kosov\u00eb dhe rreth 1 mij\u00eb ton n\u00eb Maqedoni.<\/p>\n\n\n\n<p>K\u00ebt\u00eb vit tentuam edhe Polonin\u00eb dhe besoj se shum\u00eb shpejt, ky shtet do t\u00eb t\u00ebrheq\u00eb deri n\u00eb 4500 ton prej nesh\u2019- thon\u00eb p\u00ebr AgroWeb.org fermer\u00ebt e Xarr\u00ebs.\/<\/p>\n","protected":false},"excerpt":{"rendered":"<p>Mandarinat e Xarr&euml;s tashm&euml; jan&euml; shnd&euml;rruar n&euml; krenari, jo vet&euml;m p&euml;r zon&euml;n ku mbillen e rriten me p&euml;rkujdesje, por edhe n&euml; t&euml; gjith&euml; Shqip&euml;rin&euml;. A ju ka marr&euml; malli p&euml;r Mandarinat e Xarr&euml;s, Borshit dhe Sarand&euml;s? Mandarinat jan&euml; fruti m&euml; i p&euml;lqyer dhe k&euml;rkuar n&euml; treg gjat&euml; stin&euml;s n&euml; vijim. Antioksidant&euml;t q&euml; gjenden tek mandarinat, [&hellip;]<\/p>\n","protected":false},"author":2,"featured_media":39049,"comment_status":"open","ping_status":"closed","sticky":false,"template":"","format":"standard","meta":{"_monsterinsights_skip_tracking":false,"_monsterinsights_sitenote_active":false,"_monsterinsights_sitenote_note":"","_monsterinsights_sitenote_category":0,"footnotes":""},"categories":[572],"tags":[],"class_list":["post-39048","post","type-post","status-publish","format-standard","has-post-thumbnail","hentry","category-shendeti"],"_links":{"self":[{"href":"https:\/\/radiojehona.mk\/index.php?rest_route=\/wp\/v2\/posts\/39048","targetHints":{"allow":["GET"]}}],"collection":[{"href":"https:\/\/radiojehona.mk\/index.php?rest_route=\/wp\/v2\/posts"}],"about":[{"href":"https:\/\/radiojehona.mk\/index.php?rest_route=\/wp\/v2\/types\/post"}],"author":[{"embeddable":true,"href":"https:\/\/radiojehona.mk\/index.php?rest_route=\/wp\/v2\/users\/2"}],"replies":[{"embeddable":true,"href":"https:\/\/radiojehona.mk\/index.php?rest_route=%2Fwp%2Fv2%2Fcomments&post=39048"}],"version-history":[{"count":2,"href":"https:\/\/radiojehona.mk\/index.php?rest_route=\/wp\/v2\/posts\/39048\/revisions"}],"predecessor-version":[{"id":39051,"href":"https:\/\/radiojehona.mk\/index.php?rest_route=\/wp\/v2\/posts\/39048\/revisions\/39051"}],"wp:featuredmedia":[{"embeddable":true,"href":"https:\/\/radiojehona.mk\/index.php?rest_route=\/wp\/v2\/media\/39049"}],"wp:attachment":[{"href":"https:\/\/radiojehona.mk\/index.php?rest_route=%2Fwp%2Fv2%2Fmedia&parent=39048"}],"wp:term":[{"taxonomy":"category","embeddable":true,"href":"https:\/\/radiojehona.mk\/index.php?rest_route=%2Fwp%2Fv2%2Fcategories&post=39048"},{"taxonomy":"post_tag","embeddable":true,"href":"https:\/\/radiojehona.mk\/index.php?rest_route=%2Fwp%2Fv2%2Ftags&post=39048"}],"curies":[{"name":"wp","href":"https:\/\/api.w.org\/{rel}","templated":true}]}}