{"id":39032,"date":"2024-12-18T15:37:10","date_gmt":"2024-12-18T15:37:10","guid":{"rendered":"https:\/\/radiojehona.com\/?p=39032"},"modified":"2024-12-18T15:37:10","modified_gmt":"2024-12-18T15:37:10","slug":"njihuni-me-perballjet-e-shqiperise-ne-raundin-e-dyte-te-europianit-2025","status":"publish","type":"post","link":"https:\/\/radiojehona.mk\/?p=39032","title":{"rendered":"Njihuni me p\u00ebrballjet e Shqip\u00ebris\u00eb n\u00eb raundin e dyt\u00eb t\u00eb Europianit 2025"},"content":{"rendered":"\n<figure class=\"wp-block-image size-large\"><img fetchpriority=\"high\" decoding=\"async\" width=\"1024\" height=\"572\" src=\"https:\/\/radiojehona.com\/wp-content\/uploads\/2024\/12\/IMG_9934-1024x572.jpeg\" alt=\"\" class=\"wp-image-39033\" srcset=\"https:\/\/radiojehona.mk\/wp-content\/uploads\/2024\/12\/IMG_9934-1024x572.jpeg 1024w, https:\/\/radiojehona.mk\/wp-content\/uploads\/2024\/12\/IMG_9934-300x167.jpeg 300w, https:\/\/radiojehona.mk\/wp-content\/uploads\/2024\/12\/IMG_9934-768x429.jpeg 768w, https:\/\/radiojehona.mk\/wp-content\/uploads\/2024\/12\/IMG_9934.jpeg 1125w\" sizes=\"(max-width: 1024px) 100vw, 1024px\" \/><\/figure>\n\n\n\n<p>Shqip\u00ebria U-17 p\u00ebr vajza \u00ebsht\u00eb njohur me p\u00ebrballjet e raundit t\u00eb dyt\u00eb t\u00eb kualifikueseve t\u00eb Kampionatit Europian. Ndeshjet e k\u00ebtij raundi do t\u00eb luhen n\u00eb Andorra n\u00eb muajin mars 2025.<\/p>\n\n\n\n<p>Komb\u00ebtarja e drejtuar nga trajnerja Cyme Lulaj \u00ebsht\u00eb pjes\u00eb e grupit B3 s\u00eb bashku me Izraelin, Bjellorusin\u00eb dhe Andorr\u00ebn. Kuqezezat do t\u00eb luajn\u00eb ndeshjen e par\u00eb ndaj Izraelit m\u00eb 4 mars, nd\u00ebrsa Andorra do t\u00eb p\u00ebrballet me Andorr\u00ebn. N\u00eb takimet e dyta t\u00eb grupit, Shqip\u00ebria do t\u00eb luaj\u00eb ndaj Andorr\u00ebs vendase, nd\u00ebrsa Bjellorusia do t\u00eb p\u00ebrballet me Izraelin.<\/p>\n\n\n\n<p>Komb\u00ebtarja do ta mbyll\u00eb k\u00ebt\u00eb fushat\u00eb ndaj Bjellorusis\u00eb, nd\u00ebrsa takimi tjet\u00ebr i grupit \u00ebsht\u00eb ai mes Andorra \u2013 Izrael.<\/p>\n\n\n\n<p>Ky raund vlen p\u00ebr nj\u00eb bilet\u00eb ngjitjeje n\u00eb Lig\u00ebn A p\u00ebr edicionin e ardhsh\u00ebm t\u00eb Europianit t\u00eb vajzave p\u00ebr k\u00ebt\u00eb grupmosh\u00eb.<\/p>\n\n\n\n<p>Izrael \u2013 Shqip\u00ebri, 4 mars 2025<\/p>\n\n\n\n<p>Bjellorusi \u2013 Andorra, 4 mars 2025<\/p>\n\n\n\n<p>Bjellorusi \u2013 Izrael, 7 mars 2025<\/p>\n\n\n\n<p>Shqip\u00ebri \u2013 Andorra, 7 mars 2025<\/p>\n\n\n\n<p>Shqip\u00ebri \u2013 Bjellorusi, 10 mars 2025<\/p>\n\n\n\n<p>Andorra \u2013 Izrael, 10 mars 2025<\/p>\n","protected":false},"excerpt":{"rendered":"<p>Shqip&euml;ria U-17 p&euml;r vajza &euml;sht&euml; njohur me p&euml;rballjet e raundit t&euml; dyt&euml; t&euml; kualifikueseve t&euml; Kampionatit Europian. Ndeshjet e k&euml;tij raundi do t&euml; luhen n&euml; Andorra n&euml; muajin mars 2025. Komb&euml;tarja e drejtuar nga trajnerja Cyme Lulaj &euml;sht&euml; pjes&euml; e grupit B3 s&euml; bashku me Izraelin, Bjellorusin&euml; dhe Andorr&euml;n. Kuqezezat do t&euml; luajn&euml; ndeshjen e [&hellip;]<\/p>\n","protected":false},"author":2,"featured_media":39033,"comment_status":"open","ping_status":"closed","sticky":false,"template":"","format":"standard","meta":{"_monsterinsights_skip_tracking":false,"_monsterinsights_sitenote_active":false,"_monsterinsights_sitenote_note":"","_monsterinsights_sitenote_category":0,"footnotes":""},"categories":[578],"tags":[],"class_list":["post-39032","post","type-post","status-publish","format-standard","has-post-thumbnail","hentry","category-sport"],"_links":{"self":[{"href":"https:\/\/radiojehona.mk\/index.php?rest_route=\/wp\/v2\/posts\/39032","targetHints":{"allow":["GET"]}}],"collection":[{"href":"https:\/\/radiojehona.mk\/index.php?rest_route=\/wp\/v2\/posts"}],"about":[{"href":"https:\/\/radiojehona.mk\/index.php?rest_route=\/wp\/v2\/types\/post"}],"author":[{"embeddable":true,"href":"https:\/\/radiojehona.mk\/index.php?rest_route=\/wp\/v2\/users\/2"}],"replies":[{"embeddable":true,"href":"https:\/\/radiojehona.mk\/index.php?rest_route=%2Fwp%2Fv2%2Fcomments&post=39032"}],"version-history":[{"count":2,"href":"https:\/\/radiojehona.mk\/index.php?rest_route=\/wp\/v2\/posts\/39032\/revisions"}],"predecessor-version":[{"id":39035,"href":"https:\/\/radiojehona.mk\/index.php?rest_route=\/wp\/v2\/posts\/39032\/revisions\/39035"}],"wp:featuredmedia":[{"embeddable":true,"href":"https:\/\/radiojehona.mk\/index.php?rest_route=\/wp\/v2\/media\/39033"}],"wp:attachment":[{"href":"https:\/\/radiojehona.mk\/index.php?rest_route=%2Fwp%2Fv2%2Fmedia&parent=39032"}],"wp:term":[{"taxonomy":"category","embeddable":true,"href":"https:\/\/radiojehona.mk\/index.php?rest_route=%2Fwp%2Fv2%2Fcategories&post=39032"},{"taxonomy":"post_tag","embeddable":true,"href":"https:\/\/radiojehona.mk\/index.php?rest_route=%2Fwp%2Fv2%2Ftags&post=39032"}],"curies":[{"name":"wp","href":"https:\/\/api.w.org\/{rel}","templated":true}]}}