{"id":39028,"date":"2024-12-18T15:32:36","date_gmt":"2024-12-18T15:32:36","guid":{"rendered":"https:\/\/radiojehona.com\/?p=39028"},"modified":"2024-12-18T15:32:36","modified_gmt":"2024-12-18T15:32:36","slug":"vlen-artan-grubi-te-kthehet-ne-vend-dhe-te-perballet-me-drejtesine","status":"publish","type":"post","link":"https:\/\/radiojehona.mk\/?p=39028","title":{"rendered":"VLEN: Artan Grubi t\u00eb kthehet n\u00eb vend dhe t\u00eb p\u00ebrballet me drejt\u00ebsin\u00eb"},"content":{"rendered":"\n<figure class=\"wp-block-image size-large\"><img fetchpriority=\"high\" decoding=\"async\" width=\"1024\" height=\"592\" src=\"https:\/\/radiojehona.com\/wp-content\/uploads\/2024\/12\/IMG_9933-1024x592.jpeg\" alt=\"\" class=\"wp-image-39029\" srcset=\"https:\/\/radiojehona.mk\/wp-content\/uploads\/2024\/12\/IMG_9933-1024x592.jpeg 1024w, https:\/\/radiojehona.mk\/wp-content\/uploads\/2024\/12\/IMG_9933-300x173.jpeg 300w, https:\/\/radiojehona.mk\/wp-content\/uploads\/2024\/12\/IMG_9933-768x444.jpeg 768w, https:\/\/radiojehona.mk\/wp-content\/uploads\/2024\/12\/IMG_9933.jpeg 1125w\" sizes=\"(max-width: 1024px) 100vw, 1024px\" \/><\/figure>\n\n\n\n<p>Koalicioni VLEN sot ka k\u00ebrkuar q\u00eb Artan Grubi t\u00eb kthehet n\u00eb vend dhe t\u00eb p\u00ebrballet me drejt\u00ebsin\u00eb.<\/p>\n\n\n\n<figure class=\"wp-block-image\"><img decoding=\"async\" src=\"https:\/\/ads.tetovasot.com\/www\/delivery\/lg.php?bannerid=0&amp;campaignid=0&amp;zoneid=175&amp;loc=https%3A%2F%2Fwww.tetovasot.com%2F2024%2F12%2Fvlen-artan-grubi-te-kthehet-ne-vend-dhe-te-perballet-me-drejtesine%2F&amp;referer=https%3A%2F%2Ffax.al%2F&amp;cb=f03d921753\" alt=\"\"\/><\/figure>\n\n\n\n<p>Nga  atje thon\u00eb se Fronti tashm\u00eb i shpartalluar evropian i kryesuar nga partia non grata BDI, i mbushur me persona t\u00eb listave t\u00eb zeza, nuk kan\u00eb kredilitet t\u00eb dalin e t\u00eb flasin m\u00eb p\u00ebr gj\u00ebra q\u00eb tangojn\u00eb shqiptar\u00ebt.<\/p>\n\n\n\n<p>\u201cHija e Ali Ahmetit, Artan Grubi, kjo kopje e keqe e Gruevskit, q\u00eb fliste me goj\u00ebn plot U\u00c7K, n\u00eb sprov\u00ebn e par\u00eb me drejt\u00ebsin\u00eb ia mbathi. Eja p\u00ebrballu, Artan! Shqiptar\u00ebt nuk e kan\u00eb zakon t\u00eb ikin. Shqiptar\u00ebt, kur kan\u00eb t\u00eb drejt\u00eb, p\u00ebrballen me ballin lart dhe nuk tremben. Mos i baltos shqiptar\u00ebt, mos i p\u00ebrdor ata si mburoj\u00eb p\u00ebr krimet e tua!<\/p>\n\n\n\n<p>Koalicioni VLEN ka koh\u00eb q\u00eb paralajm\u00ebron se partia non grata BDI \u00ebsht\u00eb nj\u00eb parti e kapur nga struktura kriminale, t\u00eb udh\u00ebhequra nga Artan Grubi. BDI nuk mund t\u00eb thirret n\u00eb mbrojtje t\u00eb flamurit, gjuh\u00ebs dhe shqiptar\u00ebt, pasi tani \u00ebsht\u00eb parti pa kredibilitet dhe pa fuqi p\u00ebr t\u2019i mbrojtur shqiptar\u00ebt. Nuk mund t\u00eb flas\u00ebsh \u00e7do dit\u00eb n\u00eb mbrojtje t\u00eb shqiptar\u00ebve dhe t\u00eb drejtave t\u00eb tyre, nd\u00ebrsa n\u00eb momentin kur ftohesh p\u00ebr t\u00eb dh\u00ebn\u00eb p\u00ebrgjegj\u00ebsi t\u2019ia mbath\u00ebsh.<\/p>\n\n\n\n<figure class=\"wp-block-image\"><img decoding=\"async\" src=\"https:\/\/ads.tetovasot.com\/www\/delivery\/lg.php?bannerid=0&amp;campaignid=0&amp;zoneid=189&amp;loc=https%3A%2F%2Fwww.tetovasot.com%2F2024%2F12%2Fvlen-artan-grubi-te-kthehet-ne-vend-dhe-te-perballet-me-drejtesine%2F&amp;referer=https%3A%2F%2Ffax.al%2F&amp;cb=1d09060548\" alt=\"\"\/><\/figure>\n\n\n\n<p>Artan Grubi, P\u00ebrparim Bajrami dhe klika e tyre jan\u00eb fytyra e v\u00ebrtet\u00eb e krimit dhe korrupsionit. Shteti i s\u00eb drejt\u00ebs po konsolidohet dhe askush nuk do t\u00eb shp\u00ebtoj\u00eb nga drejt\u00ebsia. Zbardhja e plot\u00eb e keqp\u00ebrdorimeve n\u00eb Lotarin\u00eb Shtet\u00ebrore do t\u00eb ndodh\u00eb. Ata q\u00eb kan\u00eb vjedhur e kan\u00eb shkelur ligjin do t\u00eb japin p\u00ebrgjegj\u00ebsi\u201d, thon\u00eb nga VLEN.<\/p>\n\n\n\n<figure class=\"wp-block-image\"><img decoding=\"async\" src=\"https:\/\/ads.tetovasot.com\/www\/delivery\/lg.php?bannerid=0&amp;campaignid=0&amp;zoneid=215&amp;loc=https%3A%2F%2Fwww.tetovasot.com%2F2024%2F12%2Fvlen-artan-grubi-te-kthehet-ne-vend-dhe-te-perballet-me-drejtesine%2F&amp;referer=https%3A%2F%2Ffax.al%2F&amp;cb=4e33c4fc74\" alt=\"\"\/><\/figure>\n\n\n\n<p>Nga atje thon\u00eb se VLEN \u00ebsht\u00eb i vendosur t\u00eb sjell\u00eb transparenc\u00eb, llogaridh\u00ebnie dhe t\u00eb mbroj\u00eb interesat e qytetar\u00ebve.<\/p>\n","protected":false},"excerpt":{"rendered":"<p>Koalicioni VLEN sot ka k&euml;rkuar q&euml; Artan Grubi t&euml; kthehet n&euml; vend dhe t&euml; p&euml;rballet me drejt&euml;sin&euml;. Nga atje thon&euml; se Fronti tashm&euml; i shpartalluar evropian i kryesuar nga partia non grata BDI, i mbushur me persona t&euml; listave t&euml; zeza, nuk kan&euml; kredilitet t&euml; dalin e t&euml; flasin m&euml; p&euml;r gj&euml;ra q&euml; tangojn&euml; shqiptar&euml;t. [&hellip;]<\/p>\n","protected":false},"author":2,"featured_media":39029,"comment_status":"open","ping_status":"closed","sticky":false,"template":"","format":"standard","meta":{"_monsterinsights_skip_tracking":false,"_monsterinsights_sitenote_active":false,"_monsterinsights_sitenote_note":"","_monsterinsights_sitenote_category":0,"footnotes":""},"categories":[1],"tags":[],"class_list":["post-39028","post","type-post","status-publish","format-standard","has-post-thumbnail","hentry","category-vendi"],"_links":{"self":[{"href":"https:\/\/radiojehona.mk\/index.php?rest_route=\/wp\/v2\/posts\/39028","targetHints":{"allow":["GET"]}}],"collection":[{"href":"https:\/\/radiojehona.mk\/index.php?rest_route=\/wp\/v2\/posts"}],"about":[{"href":"https:\/\/radiojehona.mk\/index.php?rest_route=\/wp\/v2\/types\/post"}],"author":[{"embeddable":true,"href":"https:\/\/radiojehona.mk\/index.php?rest_route=\/wp\/v2\/users\/2"}],"replies":[{"embeddable":true,"href":"https:\/\/radiojehona.mk\/index.php?rest_route=%2Fwp%2Fv2%2Fcomments&post=39028"}],"version-history":[{"count":2,"href":"https:\/\/radiojehona.mk\/index.php?rest_route=\/wp\/v2\/posts\/39028\/revisions"}],"predecessor-version":[{"id":39031,"href":"https:\/\/radiojehona.mk\/index.php?rest_route=\/wp\/v2\/posts\/39028\/revisions\/39031"}],"wp:featuredmedia":[{"embeddable":true,"href":"https:\/\/radiojehona.mk\/index.php?rest_route=\/wp\/v2\/media\/39029"}],"wp:attachment":[{"href":"https:\/\/radiojehona.mk\/index.php?rest_route=%2Fwp%2Fv2%2Fmedia&parent=39028"}],"wp:term":[{"taxonomy":"category","embeddable":true,"href":"https:\/\/radiojehona.mk\/index.php?rest_route=%2Fwp%2Fv2%2Fcategories&post=39028"},{"taxonomy":"post_tag","embeddable":true,"href":"https:\/\/radiojehona.mk\/index.php?rest_route=%2Fwp%2Fv2%2Ftags&post=39028"}],"curies":[{"name":"wp","href":"https:\/\/api.w.org\/{rel}","templated":true}]}}