{"id":39024,"date":"2024-12-18T15:28:44","date_gmt":"2024-12-18T15:28:44","guid":{"rendered":"https:\/\/radiojehona.com\/?p=39024"},"modified":"2024-12-18T15:28:45","modified_gmt":"2024-12-18T15:28:45","slug":"avokati-i-perparim-bajramit-ai-nuk-ka-ikur-por-nuk-jeton-ketu","status":"publish","type":"post","link":"https:\/\/radiojehona.mk\/?p=39024","title":{"rendered":"Avokati i P\u00ebrparim Bajramit: Ai nuk ka ikur, por nuk jeton k\u00ebtu!"},"content":{"rendered":"\n<figure class=\"wp-block-image size-large\"><img fetchpriority=\"high\" decoding=\"async\" width=\"1024\" height=\"746\" src=\"https:\/\/radiojehona.com\/wp-content\/uploads\/2024\/12\/IMG_9932-1024x746.jpeg\" alt=\"\" class=\"wp-image-39025\" srcset=\"https:\/\/radiojehona.mk\/wp-content\/uploads\/2024\/12\/IMG_9932-1024x746.jpeg 1024w, https:\/\/radiojehona.mk\/wp-content\/uploads\/2024\/12\/IMG_9932-300x219.jpeg 300w, https:\/\/radiojehona.mk\/wp-content\/uploads\/2024\/12\/IMG_9932-768x560.jpeg 768w, https:\/\/radiojehona.mk\/wp-content\/uploads\/2024\/12\/IMG_9932.jpeg 1125w\" sizes=\"(max-width: 1024px) 100vw, 1024px\" \/><\/figure>\n\n\n\n<p>Avokati Antonio Apostollski do ta p\u00ebrfaq\u00ebsoj\u00eb ish drejtorin e Lotaris\u00eb Shtet\u00ebrore, P\u00ebrparim Bajrami n\u00eb rastin, p\u00ebr t\u00eb cilin s\u00eb bashku me ish z\u00ebvend\u00ebs kryeministrin Artan Grubi dhe disa t\u00eb tjer\u00eb \u00ebsht\u00eb i dyshuar p\u00ebr keqp\u00ebrdorim t\u00eb rreth tet\u00eb milion\u00eb eurove n\u00eb Lotari.<\/p>\n\n\n\n<p>Informat\u00ebn p\u00ebr MIA-n e ka konfirmuar vet Apostollski, i cili tha se Bajrami nuk ka ikur nga shteti, por tashm\u00eb disa muaj jeton jasht\u00eb shtetit.<\/p>\n\n\n\n<p>Edhe kryeministri Hristijan Mickoski t\u00eb h\u00ebn\u00ebn n\u00eb emisionin \u201cClick Plus\u201d n\u00eb TV21, tha se drejtori i Lotaris\u00eb Shtet\u00ebrore koh\u00eb m\u00eb t\u00eb gjat\u00eb nuk \u00ebsht\u00eb n\u00eb shtet.<\/p>\n\n\n\n<p>\u201cInformatat e mia jan\u00eb se ish drejtori i Lotaris\u00eb shtet\u00ebrore koh\u00eb m\u00eb t\u00eb gjat\u00eb nuk \u00ebsht\u00eb n\u00eb vend. Nd\u00ebrsa, ish z\u00ebvend\u00ebs kryeministri gjat\u00eb dit\u00ebs s\u00eb djeshme me nj\u00eb biznesmen, me automjet me targa diplomatike, u largua nga Maqedonia dhe ka shkuar tek fqiu i jon\u00eb verior, Kosova\u201d, tha Mickoski.<\/p>\n\n\n\n<p>Ministria e Pun\u00ebve t\u00eb Brendshme ka shpallur fletarrest nd\u00ebrkomb\u00ebtar p\u00ebr Grubin dhe Bajramin pasi Gjykata penale themelore n\u00eb Shkup u shqiptoi mas\u00eb paraburgimi prej 30 dit\u00ebve.<\/p>\n","protected":false},"excerpt":{"rendered":"<p>Avokati Antonio Apostollski do ta p&euml;rfaq&euml;soj&euml; ish drejtorin e Lotaris&euml; Shtet&euml;rore, P&euml;rparim Bajrami n&euml; rastin, p&euml;r t&euml; cilin s&euml; bashku me ish z&euml;vend&euml;s kryeministrin Artan Grubi dhe disa t&euml; tjer&euml; &euml;sht&euml; i dyshuar p&euml;r keqp&euml;rdorim t&euml; rreth tet&euml; milion&euml; eurove n&euml; Lotari. Informat&euml;n p&euml;r MIA-n e ka konfirmuar vet Apostollski, i cili tha se Bajrami [&hellip;]<\/p>\n","protected":false},"author":2,"featured_media":39025,"comment_status":"open","ping_status":"closed","sticky":false,"template":"","format":"standard","meta":{"_monsterinsights_skip_tracking":false,"_monsterinsights_sitenote_active":false,"_monsterinsights_sitenote_note":"","_monsterinsights_sitenote_category":0,"footnotes":""},"categories":[1],"tags":[],"class_list":["post-39024","post","type-post","status-publish","format-standard","has-post-thumbnail","hentry","category-vendi"],"_links":{"self":[{"href":"https:\/\/radiojehona.mk\/index.php?rest_route=\/wp\/v2\/posts\/39024","targetHints":{"allow":["GET"]}}],"collection":[{"href":"https:\/\/radiojehona.mk\/index.php?rest_route=\/wp\/v2\/posts"}],"about":[{"href":"https:\/\/radiojehona.mk\/index.php?rest_route=\/wp\/v2\/types\/post"}],"author":[{"embeddable":true,"href":"https:\/\/radiojehona.mk\/index.php?rest_route=\/wp\/v2\/users\/2"}],"replies":[{"embeddable":true,"href":"https:\/\/radiojehona.mk\/index.php?rest_route=%2Fwp%2Fv2%2Fcomments&post=39024"}],"version-history":[{"count":2,"href":"https:\/\/radiojehona.mk\/index.php?rest_route=\/wp\/v2\/posts\/39024\/revisions"}],"predecessor-version":[{"id":39027,"href":"https:\/\/radiojehona.mk\/index.php?rest_route=\/wp\/v2\/posts\/39024\/revisions\/39027"}],"wp:featuredmedia":[{"embeddable":true,"href":"https:\/\/radiojehona.mk\/index.php?rest_route=\/wp\/v2\/media\/39025"}],"wp:attachment":[{"href":"https:\/\/radiojehona.mk\/index.php?rest_route=%2Fwp%2Fv2%2Fmedia&parent=39024"}],"wp:term":[{"taxonomy":"category","embeddable":true,"href":"https:\/\/radiojehona.mk\/index.php?rest_route=%2Fwp%2Fv2%2Fcategories&post=39024"},{"taxonomy":"post_tag","embeddable":true,"href":"https:\/\/radiojehona.mk\/index.php?rest_route=%2Fwp%2Fv2%2Ftags&post=39024"}],"curies":[{"name":"wp","href":"https:\/\/api.w.org\/{rel}","templated":true}]}}