{"id":39012,"date":"2024-12-18T14:05:34","date_gmt":"2024-12-18T14:05:34","guid":{"rendered":"https:\/\/radiojehona.com\/?p=39012"},"modified":"2024-12-18T14:05:34","modified_gmt":"2024-12-18T14:05:34","slug":"rritet-ne-45-097-numri-i-palestinezeve-te-vrare-nga-sulmet-izraelite-ne-gaza","status":"publish","type":"post","link":"https:\/\/radiojehona.mk\/?p=39012","title":{"rendered":"Rritet n\u00eb 45.097 numri i palestinez\u00ebve t\u00eb vrar\u00eb nga sulmet izraelite n\u00eb Gaza"},"content":{"rendered":"\n<figure class=\"wp-block-image size-large\"><img fetchpriority=\"high\" decoding=\"async\" width=\"1024\" height=\"573\" src=\"https:\/\/radiojehona.com\/wp-content\/uploads\/2024\/12\/IMG_9929-1024x573.jpeg\" alt=\"\" class=\"wp-image-39013\" srcset=\"https:\/\/radiojehona.mk\/wp-content\/uploads\/2024\/12\/IMG_9929-1024x573.jpeg 1024w, https:\/\/radiojehona.mk\/wp-content\/uploads\/2024\/12\/IMG_9929-300x168.jpeg 300w, https:\/\/radiojehona.mk\/wp-content\/uploads\/2024\/12\/IMG_9929-768x430.jpeg 768w, https:\/\/radiojehona.mk\/wp-content\/uploads\/2024\/12\/IMG_9929.jpeg 1125w\" sizes=\"(max-width: 1024px) 100vw, 1024px\" \/><\/figure>\n\n\n\n<p>N\u00eb &#8220;3 masakra&#8221; q\u00eb ushtria izraelite ka kryer n\u00eb 24 or\u00ebt e fundit ndaj zonave t\u00eb ndryshme t\u00eb Gaz\u00ebs, jan\u00eb vrar\u00eb 38 palestinez\u00eb dhe 203 t\u00eb tjer\u00eb jan\u00eb plagosur<br><br>Istanbul<\/p>\n\n\n\n<p>Autoritetet n\u00eb Rripin e Gaz\u00ebs kan\u00eb njoftuar se \u00ebsht\u00eb rritur n\u00eb 45.097 numri i palestinez\u00ebve t\u00eb vrar\u00eb n\u00eb sulmet e ushtris\u00eb izraelite q\u00eb nga 7 tetori i vitit 2023, transmeton Anadolu.<\/p>\n\n\n\n<p>N\u00eb nj\u00eb deklarat\u00eb, Ministria e Sh\u00ebndet\u00ebsis\u00eb n\u00eb Gaza ndau informacionet e fundit lidhur me viktimat n\u00eb gjenocidin q\u00eb Izraeli po e vazhdon prej 439 dit\u00ebsh n\u00eb Rripin e Gaz\u00ebs.<\/p>\n\n\n\n<p>N\u00eb &#8220;3 masakra&#8221; q\u00eb ushtria izraelite ka kryer n\u00eb 24 or\u00ebt e fundit ndaj zonave t\u00eb ndryshme t\u00eb Gaz\u00ebs, jan\u00eb vrar\u00eb 38 palestinez\u00eb dhe 203 t\u00eb tjer\u00eb jan\u00eb plagosur.<\/p>\n\n\n\n<p>N\u00eb sulmet e Izraelit n\u00eb Rripin e Gaz\u00ebs q\u00eb nga 7 tetori 2023, numri i palestinez\u00ebve t\u00eb vrar\u00eb ka arritur n\u00eb 45.097, nd\u00ebrsa i t\u00eb plagosurve n\u00eb 107.244.<\/p>\n\n\n\n<p>Gjithashtu, n\u00ebn rr\u00ebnoja dhe p\u00ebrreth rrug\u00ebve ende ka kufoma t\u00eb t\u00eb vrar\u00ebve, teksa ekipet sh\u00ebndet\u00ebsore dhe t\u00eb Mbrojtjes Civile nuk kan\u00eb mundur t\u00eb mb\u00ebrrijn\u00eb tek trupat p\u00ebr shkak t\u00eb pengesave nga forcat izraelite.<br><\/p>\n\n\n\n<p><\/p>\n","protected":false},"excerpt":{"rendered":"<p>N&euml; &ldquo;3 masakra&rdquo; q&euml; ushtria izraelite ka kryer n&euml; 24 or&euml;t e fundit ndaj zonave t&euml; ndryshme t&euml; Gaz&euml;s, jan&euml; vrar&euml; 38 palestinez&euml; dhe 203 t&euml; tjer&euml; jan&euml; plagosur Istanbul Autoritetet n&euml; Rripin e Gaz&euml;s kan&euml; njoftuar se &euml;sht&euml; rritur n&euml; 45.097 numri i palestinez&euml;ve t&euml; vrar&euml; n&euml; sulmet e ushtris&euml; izraelite q&euml; nga 7 [&hellip;]<\/p>\n","protected":false},"author":2,"featured_media":39013,"comment_status":"open","ping_status":"closed","sticky":false,"template":"","format":"standard","meta":{"_monsterinsights_skip_tracking":false,"_monsterinsights_sitenote_active":false,"_monsterinsights_sitenote_note":"","_monsterinsights_sitenote_category":0,"footnotes":""},"categories":[569],"tags":[],"class_list":["post-39012","post","type-post","status-publish","format-standard","has-post-thumbnail","hentry","category-bota"],"_links":{"self":[{"href":"https:\/\/radiojehona.mk\/index.php?rest_route=\/wp\/v2\/posts\/39012","targetHints":{"allow":["GET"]}}],"collection":[{"href":"https:\/\/radiojehona.mk\/index.php?rest_route=\/wp\/v2\/posts"}],"about":[{"href":"https:\/\/radiojehona.mk\/index.php?rest_route=\/wp\/v2\/types\/post"}],"author":[{"embeddable":true,"href":"https:\/\/radiojehona.mk\/index.php?rest_route=\/wp\/v2\/users\/2"}],"replies":[{"embeddable":true,"href":"https:\/\/radiojehona.mk\/index.php?rest_route=%2Fwp%2Fv2%2Fcomments&post=39012"}],"version-history":[{"count":2,"href":"https:\/\/radiojehona.mk\/index.php?rest_route=\/wp\/v2\/posts\/39012\/revisions"}],"predecessor-version":[{"id":39015,"href":"https:\/\/radiojehona.mk\/index.php?rest_route=\/wp\/v2\/posts\/39012\/revisions\/39015"}],"wp:featuredmedia":[{"embeddable":true,"href":"https:\/\/radiojehona.mk\/index.php?rest_route=\/wp\/v2\/media\/39013"}],"wp:attachment":[{"href":"https:\/\/radiojehona.mk\/index.php?rest_route=%2Fwp%2Fv2%2Fmedia&parent=39012"}],"wp:term":[{"taxonomy":"category","embeddable":true,"href":"https:\/\/radiojehona.mk\/index.php?rest_route=%2Fwp%2Fv2%2Fcategories&post=39012"},{"taxonomy":"post_tag","embeddable":true,"href":"https:\/\/radiojehona.mk\/index.php?rest_route=%2Fwp%2Fv2%2Ftags&post=39012"}],"curies":[{"name":"wp","href":"https:\/\/api.w.org\/{rel}","templated":true}]}}