{"id":39004,"date":"2024-12-18T13:57:05","date_gmt":"2024-12-18T13:57:05","guid":{"rendered":"https:\/\/radiojehona.com\/?p=39004"},"modified":"2024-12-18T13:57:06","modified_gmt":"2024-12-18T13:57:06","slug":"parashqevi-simaku-shfaqet-me-nje-pamje-te-re-puth-flamurin-kombetar","status":"publish","type":"post","link":"https:\/\/radiojehona.mk\/?p=39004","title":{"rendered":"Parashqevi Simaku shfaqet me nj\u00eb pamje t\u00eb re, puth flamurin komb\u00ebtar"},"content":{"rendered":"\n<figure class=\"wp-block-image size-large\"><img fetchpriority=\"high\" decoding=\"async\" width=\"703\" height=\"1024\" src=\"https:\/\/radiojehona.com\/wp-content\/uploads\/2024\/12\/IMG_9927-703x1024.jpeg\" alt=\"\" class=\"wp-image-39005\" srcset=\"https:\/\/radiojehona.mk\/wp-content\/uploads\/2024\/12\/IMG_9927-703x1024.jpeg 703w, https:\/\/radiojehona.mk\/wp-content\/uploads\/2024\/12\/IMG_9927-206x300.jpeg 206w, https:\/\/radiojehona.mk\/wp-content\/uploads\/2024\/12\/IMG_9927-768x1119.jpeg 768w, https:\/\/radiojehona.mk\/wp-content\/uploads\/2024\/12\/IMG_9927-1054x1536.jpeg 1054w, https:\/\/radiojehona.mk\/wp-content\/uploads\/2024\/12\/IMG_9927.jpeg 1125w\" sizes=\"(max-width: 703px) 100vw, 703px\" \/><\/figure>\n\n\n\n<p>Nga pamjet, Simaku shihet e grimuar dhe n\u00eb gjendje t\u00eb mir\u00eb, duke sjell\u00eb nj\u00eb moment prek\u00ebs e krenar p\u00ebr t\u00eb gjith\u00eb shqiptar\u00ebt.<\/p>\n\n\n\n<p>Nj\u00eb moment ve\u00e7an\u00ebrisht simbolik \u00ebsht\u00eb kur ajo puth flamurin komb\u00ebtar, t\u00eb cilin e mban si shall n\u00eb veshjen e saj, duke p\u00ebrcjell\u00eb nj\u00eb mesazh dashurie dhe respekti p\u00ebr atdheun.<\/p>\n\n\n\n<p>Q\u00eb prej publikimit t\u00eb nj\u00eb videoje ku Parashqevi Simaku shihej duke u endur rrug\u00ebve t\u00eb New Yorkut, shqiptar\u00ebt treguan gatishm\u00ebri p\u00ebr ta ndihmuar, duke k\u00ebrkuar gjetjen e saj dhe ofrimin e nj\u00eb strehimi.<\/p>\n\n\n\n<figure class=\"wp-block-embed is-type-video is-provider-youtube wp-block-embed-youtube wp-embed-aspect-16-9 wp-has-aspect-ratio\"><div class=\"wp-block-embed__wrapper\">\n<iframe title=\"E transformuar! Parashqevi Simaku puth flamurin shqiptar\" width=\"640\" height=\"360\" src=\"https:\/\/www.youtube.com\/embed\/niqOhDBDKCI?feature=oembed\" frameborder=\"0\" allow=\"accelerometer; autoplay; clipboard-write; encrypted-media; gyroscope; picture-in-picture; web-share\" referrerpolicy=\"strict-origin-when-cross-origin\" allowfullscreen><\/iframe>\n<\/div><\/figure>\n","protected":false},"excerpt":{"rendered":"<p>Nga pamjet, Simaku shihet e grimuar dhe n&euml; gjendje t&euml; mir&euml;, duke sjell&euml; nj&euml; moment prek&euml;s e krenar p&euml;r t&euml; gjith&euml; shqiptar&euml;t. Nj&euml; moment ve&ccedil;an&euml;risht simbolik &euml;sht&euml; kur ajo puth flamurin komb&euml;tar, t&euml; cilin e mban si shall n&euml; veshjen e saj, duke p&euml;rcjell&euml; nj&euml; mesazh dashurie dhe respekti p&euml;r atdheun. Q&euml; prej publikimit t&euml; [&hellip;]<\/p>\n","protected":false},"author":2,"featured_media":39005,"comment_status":"open","ping_status":"closed","sticky":false,"template":"","format":"standard","meta":{"_monsterinsights_skip_tracking":false,"_monsterinsights_sitenote_active":false,"_monsterinsights_sitenote_note":"","_monsterinsights_sitenote_category":0,"footnotes":""},"categories":[7],"tags":[],"class_list":["post-39004","post","type-post","status-publish","format-standard","has-post-thumbnail","hentry","category-showbizz"],"_links":{"self":[{"href":"https:\/\/radiojehona.mk\/index.php?rest_route=\/wp\/v2\/posts\/39004","targetHints":{"allow":["GET"]}}],"collection":[{"href":"https:\/\/radiojehona.mk\/index.php?rest_route=\/wp\/v2\/posts"}],"about":[{"href":"https:\/\/radiojehona.mk\/index.php?rest_route=\/wp\/v2\/types\/post"}],"author":[{"embeddable":true,"href":"https:\/\/radiojehona.mk\/index.php?rest_route=\/wp\/v2\/users\/2"}],"replies":[{"embeddable":true,"href":"https:\/\/radiojehona.mk\/index.php?rest_route=%2Fwp%2Fv2%2Fcomments&post=39004"}],"version-history":[{"count":2,"href":"https:\/\/radiojehona.mk\/index.php?rest_route=\/wp\/v2\/posts\/39004\/revisions"}],"predecessor-version":[{"id":39007,"href":"https:\/\/radiojehona.mk\/index.php?rest_route=\/wp\/v2\/posts\/39004\/revisions\/39007"}],"wp:featuredmedia":[{"embeddable":true,"href":"https:\/\/radiojehona.mk\/index.php?rest_route=\/wp\/v2\/media\/39005"}],"wp:attachment":[{"href":"https:\/\/radiojehona.mk\/index.php?rest_route=%2Fwp%2Fv2%2Fmedia&parent=39004"}],"wp:term":[{"taxonomy":"category","embeddable":true,"href":"https:\/\/radiojehona.mk\/index.php?rest_route=%2Fwp%2Fv2%2Fcategories&post=39004"},{"taxonomy":"post_tag","embeddable":true,"href":"https:\/\/radiojehona.mk\/index.php?rest_route=%2Fwp%2Fv2%2Ftags&post=39004"}],"curies":[{"name":"wp","href":"https:\/\/api.w.org\/{rel}","templated":true}]}}