{"id":39000,"date":"2024-12-18T13:51:41","date_gmt":"2024-12-18T13:51:41","guid":{"rendered":"https:\/\/radiojehona.com\/?p=39000"},"modified":"2024-12-18T13:51:41","modified_gmt":"2024-12-18T13:51:41","slug":"sot-dita-nderkombetare-e-emigranteve-okb-70-000-prej-tyre-te-vdekur-ose-zhdukur-ne-nje-dekade","status":"publish","type":"post","link":"https:\/\/radiojehona.mk\/?p=39000","title":{"rendered":"Sot, Dita Nd\u00ebrkomb\u00ebtare e Emigrant\u00ebve, OKB: 70.000 prej tyre, t\u00eb vdekur ose zhdukur n\u00eb nj\u00eb dekad\u00eb\u00a0"},"content":{"rendered":"\n<figure class=\"wp-block-image size-large\"><img fetchpriority=\"high\" decoding=\"async\" width=\"1024\" height=\"501\" src=\"https:\/\/radiojehona.com\/wp-content\/uploads\/2024\/12\/IMG_9925-1024x501.jpeg\" alt=\"\" class=\"wp-image-39001\" srcset=\"https:\/\/radiojehona.mk\/wp-content\/uploads\/2024\/12\/IMG_9925-1024x501.jpeg 1024w, https:\/\/radiojehona.mk\/wp-content\/uploads\/2024\/12\/IMG_9925-300x147.jpeg 300w, https:\/\/radiojehona.mk\/wp-content\/uploads\/2024\/12\/IMG_9925-768x375.jpeg 768w, https:\/\/radiojehona.mk\/wp-content\/uploads\/2024\/12\/IMG_9925.jpeg 1125w\" sizes=\"(max-width: 1024px) 100vw, 1024px\" \/><\/figure>\n\n\n\n<p>N\u00eb kalendarin e Organizat\u00ebs s\u00eb Kombeve t\u00eb Bashkuara, 18 dhjetori \u00ebsht\u00eb Dita Nd\u00ebrkomb\u00ebtare e Emigrant\u00ebve.<\/p>\n\n\n\n<p>Sipas t\u00eb dh\u00ebnave zyrtare t\u00eb OKB, q\u00eb nga viti 2014, rreth 70,000 migrant\u00eb kan\u00eb vdekur ose jan\u00eb zhdukur p\u00ebrgjat\u00eb rrug\u00ebve tok\u00ebsore dhe detare, nd\u00ebrkoh\u00eb q\u00eb numri i v\u00ebrtet\u00eb ka t\u00eb ngjar\u00eb t\u00eb jet\u00eb shum\u00eb m\u00eb i lart\u00eb. \u00c7do vdekje e regjistruar p\u00ebrfaq\u00ebson nj\u00eb person humbja e t\u00eb cilit prek thell\u00eb familjen e tyre dhe kumbon n\u00eb t\u00eb gjith\u00eb komunitetet dhe shoq\u00ebrit\u00eb.<\/p>\n\n\n\n<p><em>\u201cKjo \u00ebsht\u00eb nj\u00eb kriz\u00eb e heshtur humanitare dhe \u00ebsht\u00eb nj\u00eb kriz\u00eb q\u00eb ne mund ta zgjidhim\u201d, thuhet ne faqen online t\u00eb OKB-s\u00eb.<\/em><\/p>\n\n\n\n<p>P\u00ebr sekretarin e P\u00ebrgjithsh\u00ebm t\u00eb OKB-s\u00eb, Dita Nd\u00ebrkomb\u00ebtare e Emigrant\u00ebve \u00ebsht\u00eb nj\u00eb mund\u00ebsi t\u00eb ve\u00e7ant\u00eb p\u00ebr t\u00eb hedhur n\u00eb qend\u00ebr t\u00eb v\u00ebmendjes kontributet e pa\u00e7mueshme t\u00eb miliona emigrant\u00ebve n\u00eb mbar\u00eb bot\u00ebn. \u00cbsht\u00eb gjithashtu nj\u00eb dit\u00eb p\u00ebr t\u00eb nxjerr\u00eb n\u00eb pah mjedisin gjithnj\u00eb e m\u00eb kompleks n\u00eb t\u00eb cilin ndodh emigrimi. Konfliktet, fatkeq\u00ebsit\u00eb e lidhura me klim\u00ebn dhe presionet ekonomike vazhdojn\u00eb t\u00eb d\u00ebbojn\u00eb miliona njer\u00ebz nga sht\u00ebpit\u00eb e tyre n\u00eb k\u00ebrkim t\u00eb siguris\u00eb ose thjesht mund\u00ebsive.<\/p>\n\n\n\n<p>Megjithat\u00eb, krahas sfidave, jan\u00eb historit\u00eb e q\u00ebndrueshm\u00ebris\u00eb, p\u00ebrparimit dhe shpres\u00ebs. Aty ku migrimi i sigurt dhe i menaxhuar mir\u00eb ka nj\u00eb potencial t\u00eb jasht\u00ebzakonsh\u00ebm. Emigrant\u00ebt luajn\u00eb role kritike n\u00eb tregjet e pun\u00ebs, duke plot\u00ebsuar boshll\u00ebqet e aft\u00ebsive, duke nxitur inovacionin dhe sip\u00ebrmarrjen dhe duke adresuar sfidat demografike n\u00eb shoq\u00ebrit\u00eb n\u00eb plakje.<\/p>\n","protected":false},"excerpt":{"rendered":"<p>N&euml; kalendarin e Organizat&euml;s s&euml; Kombeve t&euml; Bashkuara, 18 dhjetori &euml;sht&euml; Dita Nd&euml;rkomb&euml;tare e Emigrant&euml;ve. Sipas t&euml; dh&euml;nave zyrtare t&euml; OKB, q&euml; nga viti 2014, rreth 70,000 migrant&euml; kan&euml; vdekur ose jan&euml; zhdukur p&euml;rgjat&euml; rrug&euml;ve tok&euml;sore dhe detare, nd&euml;rkoh&euml; q&euml; numri i v&euml;rtet&euml; ka t&euml; ngjar&euml; t&euml; jet&euml; shum&euml; m&euml; i lart&euml;. &Ccedil;do vdekje e [&hellip;]<\/p>\n","protected":false},"author":2,"featured_media":39001,"comment_status":"open","ping_status":"closed","sticky":false,"template":"","format":"standard","meta":{"_monsterinsights_skip_tracking":false,"_monsterinsights_sitenote_active":false,"_monsterinsights_sitenote_note":"","_monsterinsights_sitenote_category":0,"footnotes":""},"categories":[569],"tags":[],"class_list":["post-39000","post","type-post","status-publish","format-standard","has-post-thumbnail","hentry","category-bota"],"_links":{"self":[{"href":"https:\/\/radiojehona.mk\/index.php?rest_route=\/wp\/v2\/posts\/39000","targetHints":{"allow":["GET"]}}],"collection":[{"href":"https:\/\/radiojehona.mk\/index.php?rest_route=\/wp\/v2\/posts"}],"about":[{"href":"https:\/\/radiojehona.mk\/index.php?rest_route=\/wp\/v2\/types\/post"}],"author":[{"embeddable":true,"href":"https:\/\/radiojehona.mk\/index.php?rest_route=\/wp\/v2\/users\/2"}],"replies":[{"embeddable":true,"href":"https:\/\/radiojehona.mk\/index.php?rest_route=%2Fwp%2Fv2%2Fcomments&post=39000"}],"version-history":[{"count":2,"href":"https:\/\/radiojehona.mk\/index.php?rest_route=\/wp\/v2\/posts\/39000\/revisions"}],"predecessor-version":[{"id":39003,"href":"https:\/\/radiojehona.mk\/index.php?rest_route=\/wp\/v2\/posts\/39000\/revisions\/39003"}],"wp:featuredmedia":[{"embeddable":true,"href":"https:\/\/radiojehona.mk\/index.php?rest_route=\/wp\/v2\/media\/39001"}],"wp:attachment":[{"href":"https:\/\/radiojehona.mk\/index.php?rest_route=%2Fwp%2Fv2%2Fmedia&parent=39000"}],"wp:term":[{"taxonomy":"category","embeddable":true,"href":"https:\/\/radiojehona.mk\/index.php?rest_route=%2Fwp%2Fv2%2Fcategories&post=39000"},{"taxonomy":"post_tag","embeddable":true,"href":"https:\/\/radiojehona.mk\/index.php?rest_route=%2Fwp%2Fv2%2Ftags&post=39000"}],"curies":[{"name":"wp","href":"https:\/\/api.w.org\/{rel}","templated":true}]}}