{"id":38996,"date":"2024-12-18T13:47:31","date_gmt":"2024-12-18T13:47:31","guid":{"rendered":"https:\/\/radiojehona.com\/?p=38996"},"modified":"2024-12-18T13:47:31","modified_gmt":"2024-12-18T13:47:31","slug":"kembengul-trump-kanada-te-behet-shteti-i-51-te-i-shba-ve","status":"publish","type":"post","link":"https:\/\/radiojehona.mk\/?p=38996","title":{"rendered":"K\u00ebmb\u00ebngul Trump: Kanada t\u00eb b\u00ebhet shteti i 51-t\u00eb i SHBA-ve"},"content":{"rendered":"\n<figure class=\"wp-block-image size-large\"><img fetchpriority=\"high\" decoding=\"async\" width=\"1024\" height=\"561\" src=\"https:\/\/radiojehona.com\/wp-content\/uploads\/2024\/12\/IMG_9924-1024x561.jpeg\" alt=\"\" class=\"wp-image-38997\" srcset=\"https:\/\/radiojehona.mk\/wp-content\/uploads\/2024\/12\/IMG_9924-1024x561.jpeg 1024w, https:\/\/radiojehona.mk\/wp-content\/uploads\/2024\/12\/IMG_9924-300x164.jpeg 300w, https:\/\/radiojehona.mk\/wp-content\/uploads\/2024\/12\/IMG_9924-768x421.jpeg 768w, https:\/\/radiojehona.mk\/wp-content\/uploads\/2024\/12\/IMG_9924.jpeg 1125w\" sizes=\"(max-width: 1024px) 100vw, 1024px\" \/><\/figure>\n\n\n\n<p>Presidenti i ri amerikan, Donald Trump, ka shkaktuar reagime t\u00eb shumta me deklaratat e fundit lidhur me nj\u00eb mund\u00ebsi t\u00eb pazakont\u00eb: bashkimin e Kanadas\u00eb me Shtetet e Bashkuara t\u00eb Amerik\u00ebs si shteti i 51-t\u00eb.<\/p>\n\n\n\n<p>N\u00eb nj\u00eb mesazh t\u00eb publikuar n\u00eb platform\u00ebn Truth Social, 78-vje\u00e7ari ka ngritur nj\u00eb \u00e7\u00ebshtje ekonomike dhe strategjike q\u00eb, sipas tij, meriton v\u00ebmendje serioze.<\/p>\n\n\n\n<p>\u201cAskush nuk mund t\u00eb p\u00ebrgjigjet pse ne subvencionojm\u00eb Kanadan\u00eb me mbi 100 milion\u00eb dollar\u00eb n\u00eb vit? Nuk ka kuptim! Shum\u00eb kanadez\u00eb duan q\u00eb Kanadaja t\u00eb b\u00ebhet shteti i 51-t\u00eb. Ata do t\u00eb kursenin shum\u00eb n\u00eb taksa dhe mbrojtje ushtarake. Mendoj se \u00ebsht\u00eb nj\u00eb ide e shk\u00eblqyer. Shteti i 51-t\u00eb!!!\u201d, ka shkruar Trump n\u00eb platform\u00ebn e tij, duke sugjeruar se ky ndryshim do t\u2019i sillte p\u00ebrfitime ekonomis\u00eb amerikane, por edhe asaj kanadeze.<\/p>\n\n\n\n<p>Kjo deklarat\u00eb ka nxitur nj\u00eb debat t\u00eb ashp\u00ebr n\u00eb t\u00eb dy an\u00ebt e kufirit. Mb\u00ebshtet\u00ebsit e ides\u00eb argumentojn\u00eb se integrimi i Kanadas\u00eb n\u00eb SHBA do t\u00eb ulte ndjesh\u00ebm shpenzimet ushtarake p\u00ebr kanadez\u00ebt dhe do t\u00eb krijonte mund\u00ebsi t\u00eb reja ekonomike p\u00ebr t\u00eb dyja vendet. Sipas tyre, nj\u00eb bashkim i till\u00eb mund t\u00eb forconte pozicionin strategjik dhe politik t\u00eb rajonit n\u00eb aren\u00ebn globale.<\/p>\n\n\n\n<p>Nga ana tjet\u00ebr, kritik\u00ebt e k\u00ebsaj ideje e kan\u00eb quajtur at\u00eb jorealiste dhe kund\u00ebr kultur\u00ebs dhe identitetit komb\u00ebtar t\u00eb Kanadas\u00eb. Politikan\u00ebt dhe qytetar\u00ebt kanadez\u00eb q\u00eb kund\u00ebrshtojn\u00eb k\u00ebt\u00eb ide theksojn\u00eb se Kanadaja ka nj\u00eb histori t\u00eb gjat\u00eb t\u00eb pavar\u00ebsis\u00eb dhe nj\u00eb sistem politik, kulturor dhe social krejt\u00ebsisht t\u00eb ve\u00e7ant\u00eb nga ai amerikan.<\/p>\n\n\n\n<p>Nd\u00ebrkoh\u00eb, analist\u00ebt politik\u00eb mendojn\u00eb se kjo deklarat\u00eb e Trumpit mund t\u00eb jet\u00eb m\u00eb shum\u00eb nj\u00eb provokim p\u00ebr t\u00eb t\u00ebrhequr v\u00ebmendjen, sesa nj\u00eb plan i mir\u00ebfillt\u00eb politik. P\u00ebrfshirja e Kanadas\u00eb si nj\u00eb shtet i ri n\u00eb SHBA do t\u00eb k\u00ebrkonte procese t\u00eb nd\u00ebrlikuara juridike, referendume dhe negociata t\u00eb gjata, t\u00eb cilat shum\u00eb ekspert\u00eb i konsiderojn\u00eb t\u00eb pamundura.<\/p>\n\n\n\n<p>Megjithat\u00eb, deklarata e presidentit t\u00eb ri ka hapur nj\u00eb kapitull t\u00eb ri diskutimesh p\u00ebr marr\u00ebdh\u00ebniet midis dy vendeve fqinje dhe p\u00ebr ndikimin ekonomik q\u00eb kan\u00eb nj\u00ebri mbi tjetrin.<\/p>\n\n\n\n<p>A do t\u00eb mbetet kjo ide vet\u00ebm nj\u00eb retorik\u00eb e politik\u00ebs amerikane, apo do t\u00eb sjell\u00eb ndryshime konkrete? Koha do ta tregoj\u00eb.<strong>&nbsp;<\/strong><\/p>\n","protected":false},"excerpt":{"rendered":"<p>Presidenti i ri amerikan, Donald Trump, ka shkaktuar reagime t&euml; shumta me deklaratat e fundit lidhur me nj&euml; mund&euml;si t&euml; pazakont&euml;: bashkimin e Kanadas&euml; me Shtetet e Bashkuara t&euml; Amerik&euml;s si shteti i 51-t&euml;. N&euml; nj&euml; mesazh t&euml; publikuar n&euml; platform&euml;n Truth Social, 78-vje&ccedil;ari ka ngritur nj&euml; &ccedil;&euml;shtje ekonomike dhe strategjike q&euml;, sipas tij, meriton [&hellip;]<\/p>\n","protected":false},"author":2,"featured_media":38997,"comment_status":"open","ping_status":"closed","sticky":false,"template":"","format":"standard","meta":{"_monsterinsights_skip_tracking":false,"_monsterinsights_sitenote_active":false,"_monsterinsights_sitenote_note":"","_monsterinsights_sitenote_category":0,"footnotes":""},"categories":[569],"tags":[],"class_list":["post-38996","post","type-post","status-publish","format-standard","has-post-thumbnail","hentry","category-bota"],"_links":{"self":[{"href":"https:\/\/radiojehona.mk\/index.php?rest_route=\/wp\/v2\/posts\/38996","targetHints":{"allow":["GET"]}}],"collection":[{"href":"https:\/\/radiojehona.mk\/index.php?rest_route=\/wp\/v2\/posts"}],"about":[{"href":"https:\/\/radiojehona.mk\/index.php?rest_route=\/wp\/v2\/types\/post"}],"author":[{"embeddable":true,"href":"https:\/\/radiojehona.mk\/index.php?rest_route=\/wp\/v2\/users\/2"}],"replies":[{"embeddable":true,"href":"https:\/\/radiojehona.mk\/index.php?rest_route=%2Fwp%2Fv2%2Fcomments&post=38996"}],"version-history":[{"count":2,"href":"https:\/\/radiojehona.mk\/index.php?rest_route=\/wp\/v2\/posts\/38996\/revisions"}],"predecessor-version":[{"id":38999,"href":"https:\/\/radiojehona.mk\/index.php?rest_route=\/wp\/v2\/posts\/38996\/revisions\/38999"}],"wp:featuredmedia":[{"embeddable":true,"href":"https:\/\/radiojehona.mk\/index.php?rest_route=\/wp\/v2\/media\/38997"}],"wp:attachment":[{"href":"https:\/\/radiojehona.mk\/index.php?rest_route=%2Fwp%2Fv2%2Fmedia&parent=38996"}],"wp:term":[{"taxonomy":"category","embeddable":true,"href":"https:\/\/radiojehona.mk\/index.php?rest_route=%2Fwp%2Fv2%2Fcategories&post=38996"},{"taxonomy":"post_tag","embeddable":true,"href":"https:\/\/radiojehona.mk\/index.php?rest_route=%2Fwp%2Fv2%2Ftags&post=38996"}],"curies":[{"name":"wp","href":"https:\/\/api.w.org\/{rel}","templated":true}]}}