{"id":38992,"date":"2024-12-18T13:20:34","date_gmt":"2024-12-18T13:20:34","guid":{"rendered":"https:\/\/radiojehona.com\/?p=38992"},"modified":"2024-12-18T13:20:35","modified_gmt":"2024-12-18T13:20:35","slug":"video-panik-ne-selanik-sillni-ministrin-ose-do-hedh-gjykaten-ne-ere-arrestohet-autori-me-lenden-plasese-dhe-arme","status":"publish","type":"post","link":"https:\/\/radiojehona.mk\/?p=38992","title":{"rendered":"VIDEO\/ Panik n\u00eb Selanik &#8211; \u201cSillni ministrin ose do hedh Gjykat\u00ebn n\u00eb er\u00eb\u201d, arrestohet autori me l\u00ebnd\u00ebn plas\u00ebse dhe arm\u00eb"},"content":{"rendered":"\n<figure class=\"wp-block-image size-large\"><img fetchpriority=\"high\" decoding=\"async\" width=\"1024\" height=\"588\" src=\"https:\/\/radiojehona.com\/wp-content\/uploads\/2024\/12\/IMG_9923-1024x588.jpeg\" alt=\"\" class=\"wp-image-38993\" srcset=\"https:\/\/radiojehona.mk\/wp-content\/uploads\/2024\/12\/IMG_9923-1024x588.jpeg 1024w, https:\/\/radiojehona.mk\/wp-content\/uploads\/2024\/12\/IMG_9923-300x172.jpeg 300w, https:\/\/radiojehona.mk\/wp-content\/uploads\/2024\/12\/IMG_9923-768x441.jpeg 768w, https:\/\/radiojehona.mk\/wp-content\/uploads\/2024\/12\/IMG_9923.jpeg 1125w\" sizes=\"(max-width: 1024px) 100vw, 1024px\" \/><\/figure>\n\n\n\n<p>Gjykata e Selanikut \u00ebsht\u00eb v\u00ebn\u00eb n\u00eb alarm pasi nj\u00eb person u ngjit n\u00eb shkall\u00eb dhe njoftoi se do t\u00eb shp\u00ebrthente nj\u00eb l\u00ebnd\u00eb plas\u00ebse.<\/p>\n\n\n\n<p>M\u00ebngjesin e sot\u00ebm ai u ngjit shkall\u00ebve t\u00eb gjykatave duke k\u00ebrc\u00ebnuar se do t\u00eb aktivizonte pajisjen e improvizuar q\u00eb mbante n\u00eb duar, duke thirrur \u201cT\u00eb hedh n\u00eb er\u00eb, sill ministrin\u201d.<\/p>\n\n\n\n<p>Policia menj\u00ebher\u00eb ka nd\u00ebrhyr\u00eb dhe ka b\u00ebr\u00eb t\u00eb mundur arrestimin e autorit dhe nuk dihet shkaku q\u00eb ka \u00e7uar n\u00eb k\u00ebt\u00eb veprim.<\/p>\n\n\n\n<p>T\u00eb arrestuarit n\u00eb \u00e7ant\u00eb i \u00ebsht\u00eb gjetur nj\u00eb l\u00ebnd\u00eb plas\u00ebse q\u00eb n\u00eb distanc\u00eb deri n\u00eb 3 metra mund t\u00eb&nbsp; shkaktonte d\u00ebme t\u00eb m\u00ebdha.<\/p>\n\n\n\n<p>Po ashtu atij i \u00ebsht\u00eb gjetur edhe nj\u00eb arm\u00eb, q\u00eb sipas mediave greke nuk ishte lod\u00ebr.<\/p>\n\n\n\n<figure class=\"wp-block-embed is-type-video is-provider-youtube wp-block-embed-youtube wp-embed-aspect-16-9 wp-has-aspect-ratio\"><div class=\"wp-block-embed__wrapper\">\n<iframe title=\"Panik n\u00eb Selanik - \u201cSillni ministrin ose do hedh Gjykat\u00ebn n\u00eb er\u00eb\u201d, arrestohet autori\" width=\"640\" height=\"360\" src=\"https:\/\/www.youtube.com\/embed\/v4UKFBshMwU?feature=oembed\" frameborder=\"0\" allow=\"accelerometer; autoplay; clipboard-write; encrypted-media; gyroscope; picture-in-picture; web-share\" referrerpolicy=\"strict-origin-when-cross-origin\" allowfullscreen><\/iframe>\n<\/div><\/figure>\n","protected":false},"excerpt":{"rendered":"<p>Gjykata e Selanikut &euml;sht&euml; v&euml;n&euml; n&euml; alarm pasi nj&euml; person u ngjit n&euml; shkall&euml; dhe njoftoi se do t&euml; shp&euml;rthente nj&euml; l&euml;nd&euml; plas&euml;se. M&euml;ngjesin e sot&euml;m ai u ngjit shkall&euml;ve t&euml; gjykatave duke k&euml;rc&euml;nuar se do t&euml; aktivizonte pajisjen e improvizuar q&euml; mbante n&euml; duar, duke thirrur &ldquo;T&euml; hedh n&euml; er&euml;, sill ministrin&rdquo;. Policia menj&euml;her&euml; [&hellip;]<\/p>\n","protected":false},"author":2,"featured_media":38993,"comment_status":"open","ping_status":"closed","sticky":false,"template":"","format":"standard","meta":{"_monsterinsights_skip_tracking":false,"_monsterinsights_sitenote_active":false,"_monsterinsights_sitenote_note":"","_monsterinsights_sitenote_category":0,"footnotes":""},"categories":[576],"tags":[],"class_list":["post-38992","post","type-post","status-publish","format-standard","has-post-thumbnail","hentry","category-rajoni"],"_links":{"self":[{"href":"https:\/\/radiojehona.mk\/index.php?rest_route=\/wp\/v2\/posts\/38992","targetHints":{"allow":["GET"]}}],"collection":[{"href":"https:\/\/radiojehona.mk\/index.php?rest_route=\/wp\/v2\/posts"}],"about":[{"href":"https:\/\/radiojehona.mk\/index.php?rest_route=\/wp\/v2\/types\/post"}],"author":[{"embeddable":true,"href":"https:\/\/radiojehona.mk\/index.php?rest_route=\/wp\/v2\/users\/2"}],"replies":[{"embeddable":true,"href":"https:\/\/radiojehona.mk\/index.php?rest_route=%2Fwp%2Fv2%2Fcomments&post=38992"}],"version-history":[{"count":2,"href":"https:\/\/radiojehona.mk\/index.php?rest_route=\/wp\/v2\/posts\/38992\/revisions"}],"predecessor-version":[{"id":38995,"href":"https:\/\/radiojehona.mk\/index.php?rest_route=\/wp\/v2\/posts\/38992\/revisions\/38995"}],"wp:featuredmedia":[{"embeddable":true,"href":"https:\/\/radiojehona.mk\/index.php?rest_route=\/wp\/v2\/media\/38993"}],"wp:attachment":[{"href":"https:\/\/radiojehona.mk\/index.php?rest_route=%2Fwp%2Fv2%2Fmedia&parent=38992"}],"wp:term":[{"taxonomy":"category","embeddable":true,"href":"https:\/\/radiojehona.mk\/index.php?rest_route=%2Fwp%2Fv2%2Fcategories&post=38992"},{"taxonomy":"post_tag","embeddable":true,"href":"https:\/\/radiojehona.mk\/index.php?rest_route=%2Fwp%2Fv2%2Ftags&post=38992"}],"curies":[{"name":"wp","href":"https:\/\/api.w.org\/{rel}","templated":true}]}}