{"id":38983,"date":"2024-12-18T13:05:36","date_gmt":"2024-12-18T13:05:36","guid":{"rendered":"https:\/\/radiojehona.com\/?p=38983"},"modified":"2024-12-18T13:05:37","modified_gmt":"2024-12-18T13:05:37","slug":"mickoski-ne-samitin-be-ballkani-perendimor-ne-bruksel","status":"publish","type":"post","link":"https:\/\/radiojehona.mk\/?p=38983","title":{"rendered":"Mickoski n\u00eb Samitin BE \u2013 Ballkani Per\u00ebndimor n\u00eb Bruksel"},"content":{"rendered":"\n<figure class=\"wp-block-image size-full\"><img fetchpriority=\"high\" decoding=\"async\" width=\"850\" height=\"478\" src=\"https:\/\/radiojehona.com\/wp-content\/uploads\/2024\/11\/auto_Mickoski-780x4391732544918-1.png\" alt=\"\" class=\"wp-image-37916\" srcset=\"https:\/\/radiojehona.mk\/wp-content\/uploads\/2024\/11\/auto_Mickoski-780x4391732544918-1.png 850w, https:\/\/radiojehona.mk\/wp-content\/uploads\/2024\/11\/auto_Mickoski-780x4391732544918-1-300x169.png 300w, https:\/\/radiojehona.mk\/wp-content\/uploads\/2024\/11\/auto_Mickoski-780x4391732544918-1-768x432.png 768w, https:\/\/radiojehona.mk\/wp-content\/uploads\/2024\/11\/auto_Mickoski-780x4391732544918-1-800x450.png 800w\" sizes=\"(max-width: 850px) 100vw, 850px\" \/><\/figure>\n\n\n\n<p>Kryeministri Hristian Mickoski do t\u00eb q\u00ebndroj\u00eb p\u00ebr vizit\u00eb dyditore t\u00eb pun\u00ebs n\u00eb Bruksel ku do t\u00eb ket\u00eb takime me n\u00ebnkryetaren e Komisionit Evropian dhe p\u00ebrfaq\u00ebsuese e lart\u00eb p\u00ebr Politik\u00eb t\u00eb Jashtme dhe Siguri t\u00eb BE-s\u00eb, Kaja Kallas, me kryeministrin e Mbret\u00ebris\u00eb s\u00eb Spanj\u00ebs, Pedro San\u00e7ez dhe me kryeministrin e Polonis\u00eb, Donald Tusk, njoftoi sh\u00ebrbimi p\u00ebr informim i Qeveris\u00eb.<br>Kryeministri Mickoski bashk\u00eb me ministrin e Pun\u00ebve t\u00eb Jashtme dhe Tregtis\u00eb s\u00eb Jashtme, Tim\u00e7o Mucunski dhe ministrin e \u00c7\u00ebshtjeve Evropiane, Orhan Murtezani do t\u00eb marrin pjes\u00eb n\u00eb Samitin BE- Ballkani Per\u00ebndimor n\u00eb Bruksel n\u00eb t\u00eb cilin p\u00ebr her\u00eb t\u00eb par\u00eb do t\u00eb kryesoj\u00eb kryetari i K\u00ebshillit Evropian, Antonio Koshta.<\/p>\n\n\n\n<p>N\u00eb Samit do t\u00eb bisedohet p\u00ebr integrimin e m\u00ebtutjesh\u00ebm t\u00eb rajonit p\u00ebrmes Planit t\u00eb rritjes, si dhe p\u00ebr \u00e7\u00ebshtje t\u00eb jashtme, t\u00eb siguris\u00eb dhe emigrimit.<\/p>\n\n\n\n<p>Gjithashtu, kryetari i Qeveris\u00eb, Mickoski do t\u00eb marr\u00eb pjes\u00eb n\u00eb Samitin e Partis\u00eb Popullore Evropiane.<\/p>\n","protected":false},"excerpt":{"rendered":"<p>Kryeministri Hristian Mickoski do t&euml; q&euml;ndroj&euml; p&euml;r vizit&euml; dyditore t&euml; pun&euml;s n&euml; Bruksel ku do t&euml; ket&euml; takime me n&euml;nkryetaren e Komisionit Evropian dhe p&euml;rfaq&euml;suese e lart&euml; p&euml;r Politik&euml; t&euml; Jashtme dhe Siguri t&euml; BE-s&euml;, Kaja Kallas, me kryeministrin e Mbret&euml;ris&euml; s&euml; Spanj&euml;s, Pedro San&ccedil;ez dhe me kryeministrin e Polonis&euml;, Donald Tusk, njoftoi sh&euml;rbimi p&euml;r [&hellip;]<\/p>\n","protected":false},"author":2,"featured_media":37916,"comment_status":"open","ping_status":"closed","sticky":false,"template":"","format":"standard","meta":{"_monsterinsights_skip_tracking":false,"_monsterinsights_sitenote_active":false,"_monsterinsights_sitenote_note":"","_monsterinsights_sitenote_category":0,"footnotes":""},"categories":[1],"tags":[],"class_list":["post-38983","post","type-post","status-publish","format-standard","has-post-thumbnail","hentry","category-vendi"],"_links":{"self":[{"href":"https:\/\/radiojehona.mk\/index.php?rest_route=\/wp\/v2\/posts\/38983","targetHints":{"allow":["GET"]}}],"collection":[{"href":"https:\/\/radiojehona.mk\/index.php?rest_route=\/wp\/v2\/posts"}],"about":[{"href":"https:\/\/radiojehona.mk\/index.php?rest_route=\/wp\/v2\/types\/post"}],"author":[{"embeddable":true,"href":"https:\/\/radiojehona.mk\/index.php?rest_route=\/wp\/v2\/users\/2"}],"replies":[{"embeddable":true,"href":"https:\/\/radiojehona.mk\/index.php?rest_route=%2Fwp%2Fv2%2Fcomments&post=38983"}],"version-history":[{"count":2,"href":"https:\/\/radiojehona.mk\/index.php?rest_route=\/wp\/v2\/posts\/38983\/revisions"}],"predecessor-version":[{"id":38985,"href":"https:\/\/radiojehona.mk\/index.php?rest_route=\/wp\/v2\/posts\/38983\/revisions\/38985"}],"wp:featuredmedia":[{"embeddable":true,"href":"https:\/\/radiojehona.mk\/index.php?rest_route=\/wp\/v2\/media\/37916"}],"wp:attachment":[{"href":"https:\/\/radiojehona.mk\/index.php?rest_route=%2Fwp%2Fv2%2Fmedia&parent=38983"}],"wp:term":[{"taxonomy":"category","embeddable":true,"href":"https:\/\/radiojehona.mk\/index.php?rest_route=%2Fwp%2Fv2%2Fcategories&post=38983"},{"taxonomy":"post_tag","embeddable":true,"href":"https:\/\/radiojehona.mk\/index.php?rest_route=%2Fwp%2Fv2%2Ftags&post=38983"}],"curies":[{"name":"wp","href":"https:\/\/api.w.org\/{rel}","templated":true}]}}