{"id":38979,"date":"2024-12-18T13:03:25","date_gmt":"2024-12-18T13:03:25","guid":{"rendered":"https:\/\/radiojehona.com\/?p=38979"},"modified":"2024-12-18T13:03:25","modified_gmt":"2024-12-18T13:03:25","slug":"ndalohet-nje-i-mitur-ne-kumanove-po-kontrabandonte-me-emigrante","status":"publish","type":"post","link":"https:\/\/radiojehona.mk\/?p=38979","title":{"rendered":"Ndalohet nj\u00eb i mitur n\u00eb Kumanov\u00eb, po kontrabandonte me emigrant\u00eb"},"content":{"rendered":"\n<figure class=\"wp-block-image size-large\"><img fetchpriority=\"high\" decoding=\"async\" width=\"1024\" height=\"574\" src=\"https:\/\/radiojehona.com\/wp-content\/uploads\/2024\/12\/IMG_9921-1024x574.jpeg\" alt=\"\" class=\"wp-image-38980\" srcset=\"https:\/\/radiojehona.mk\/wp-content\/uploads\/2024\/12\/IMG_9921-1024x574.jpeg 1024w, https:\/\/radiojehona.mk\/wp-content\/uploads\/2024\/12\/IMG_9921-300x168.jpeg 300w, https:\/\/radiojehona.mk\/wp-content\/uploads\/2024\/12\/IMG_9921-768x431.jpeg 768w, https:\/\/radiojehona.mk\/wp-content\/uploads\/2024\/12\/IMG_9921.jpeg 1045w\" sizes=\"(max-width: 1024px) 100vw, 1024px\" \/><\/figure>\n\n\n\n<p><strong>MPB njofton se ka ndaluar nj\u00eb t\u00eb mitur n\u00eb Kumanov\u00eb, i cili po transportonte emigrant\u00eb ilegal<\/strong><\/p>\n\n\n\n<p>\u201cM\u00eb dat\u00eb 17.12.2024 n\u00eb ora 23.10 n\u00eb rrug\u00ebn lokale p\u00ebr fshatin Re\u00e7ic\u00eb t\u00eb Kumanov\u00ebs, zyrtar\u00eb policor\u00eb nga Nj\u00ebsia Mobile p\u00ebr Masa Kompensuese pran\u00eb Departamentit p\u00ebr \u00c7\u00ebshtje Kufitare dhe Migrim n\u00eb Byron\u00eb e Siguris\u00eb Publike, kan\u00eb ndaluar nj\u00eb 17-vje\u00e7ar nga Vinica.<\/p>\n\n\n\n<p>Gjat\u00eb kontrollit n\u00eb nj\u00eb automjet tip \u201cVolkswagen Caddy\u201d, i cili drejtohej m\u00eb par\u00eb nga i mituri dhe mbi t\u00eb cilin ishin vendosur dy targa t\u00eb ndryshme t\u00eb Kumanov\u00ebs, jan\u00eb gjetur n\u00ebnt\u00eb emigrant\u00eb nga Nepali.<\/p>\n\n\n\n<p>Emigrant\u00ebt jan\u00eb akomoduar n\u00eb qendr\u00ebn transitore t\u00eb Tabanoc, nd\u00ebrsa ndaj t\u00eb miturit do t\u00eb b\u00ebhet kall\u00ebzim p\u00ebrkat\u00ebs, pas dokumentimit t\u00eb plot\u00eb t\u00eb rastit\u201d, thon\u00eb nga MPB.<\/p>\n","protected":false},"excerpt":{"rendered":"<p>MPB njofton se ka ndaluar nj&euml; t&euml; mitur n&euml; Kumanov&euml;, i cili po transportonte emigrant&euml; ilegal &ldquo;M&euml; dat&euml; 17.12.2024 n&euml; ora 23.10 n&euml; rrug&euml;n lokale p&euml;r fshatin Re&ccedil;ic&euml; t&euml; Kumanov&euml;s, zyrtar&euml; policor&euml; nga Nj&euml;sia Mobile p&euml;r Masa Kompensuese pran&euml; Departamentit p&euml;r &Ccedil;&euml;shtje Kufitare dhe Migrim n&euml; Byron&euml; e Siguris&euml; Publike, kan&euml; ndaluar nj&euml; 17-vje&ccedil;ar nga [&hellip;]<\/p>\n","protected":false},"author":2,"featured_media":38980,"comment_status":"open","ping_status":"closed","sticky":false,"template":"","format":"standard","meta":{"_monsterinsights_skip_tracking":false,"_monsterinsights_sitenote_active":false,"_monsterinsights_sitenote_note":"","_monsterinsights_sitenote_category":0,"footnotes":""},"categories":[1],"tags":[],"class_list":["post-38979","post","type-post","status-publish","format-standard","has-post-thumbnail","hentry","category-vendi"],"_links":{"self":[{"href":"https:\/\/radiojehona.mk\/index.php?rest_route=\/wp\/v2\/posts\/38979","targetHints":{"allow":["GET"]}}],"collection":[{"href":"https:\/\/radiojehona.mk\/index.php?rest_route=\/wp\/v2\/posts"}],"about":[{"href":"https:\/\/radiojehona.mk\/index.php?rest_route=\/wp\/v2\/types\/post"}],"author":[{"embeddable":true,"href":"https:\/\/radiojehona.mk\/index.php?rest_route=\/wp\/v2\/users\/2"}],"replies":[{"embeddable":true,"href":"https:\/\/radiojehona.mk\/index.php?rest_route=%2Fwp%2Fv2%2Fcomments&post=38979"}],"version-history":[{"count":2,"href":"https:\/\/radiojehona.mk\/index.php?rest_route=\/wp\/v2\/posts\/38979\/revisions"}],"predecessor-version":[{"id":38982,"href":"https:\/\/radiojehona.mk\/index.php?rest_route=\/wp\/v2\/posts\/38979\/revisions\/38982"}],"wp:featuredmedia":[{"embeddable":true,"href":"https:\/\/radiojehona.mk\/index.php?rest_route=\/wp\/v2\/media\/38980"}],"wp:attachment":[{"href":"https:\/\/radiojehona.mk\/index.php?rest_route=%2Fwp%2Fv2%2Fmedia&parent=38979"}],"wp:term":[{"taxonomy":"category","embeddable":true,"href":"https:\/\/radiojehona.mk\/index.php?rest_route=%2Fwp%2Fv2%2Fcategories&post=38979"},{"taxonomy":"post_tag","embeddable":true,"href":"https:\/\/radiojehona.mk\/index.php?rest_route=%2Fwp%2Fv2%2Ftags&post=38979"}],"curies":[{"name":"wp","href":"https:\/\/api.w.org\/{rel}","templated":true}]}}