{"id":38971,"date":"2024-12-18T13:00:04","date_gmt":"2024-12-18T13:00:04","guid":{"rendered":"https:\/\/radiojehona.com\/?p=38971"},"modified":"2024-12-18T13:00:05","modified_gmt":"2024-12-18T13:00:05","slug":"taravari-dhenia-e-celesit-te-prishtines-ali-ahmetit-eshte-ofendim-per-shqiptaret-e-maqedonise","status":"publish","type":"post","link":"https:\/\/radiojehona.mk\/?p=38971","title":{"rendered":"Taravari: Dh\u00ebnia e \u201c\u00e7el\u00ebsit t\u00eb Prishtin\u00ebs\u201d Ali Ahmetit \u00ebsht\u00eb ofendim p\u00ebr shqiptar\u00ebt e Maqedonis\u00eb"},"content":{"rendered":"\n<figure class=\"wp-block-image size-large\"><img fetchpriority=\"high\" decoding=\"async\" width=\"1024\" height=\"622\" src=\"https:\/\/radiojehona.com\/wp-content\/uploads\/2024\/12\/IMG_9919-1024x622.jpeg\" alt=\"\" class=\"wp-image-38972\" srcset=\"https:\/\/radiojehona.mk\/wp-content\/uploads\/2024\/12\/IMG_9919-1024x622.jpeg 1024w, https:\/\/radiojehona.mk\/wp-content\/uploads\/2024\/12\/IMG_9919-300x182.jpeg 300w, https:\/\/radiojehona.mk\/wp-content\/uploads\/2024\/12\/IMG_9919-768x466.jpeg 768w, https:\/\/radiojehona.mk\/wp-content\/uploads\/2024\/12\/IMG_9919.jpeg 1125w\" sizes=\"(max-width: 1024px) 100vw, 1024px\" \/><\/figure>\n\n\n\n<p><strong>Nj\u00ebri nga lider\u00ebt e VLEN-it dhe ministri i Sh\u00ebndet\u00ebsis\u00eb, Arben Taravari thot\u00eb se dh\u00ebnia e \u201c\u00e7el\u00ebsit t\u00eb Prishtin\u00ebs\u201d, liderit t\u00eb BDI-s\u00eb, Ali Ahmeti \u00ebsht\u00eb ofendim p\u00ebr shqiptar\u00ebt e Maqedonis\u00eb<\/strong><\/p>\n\n\n\n<p>Taravari thot\u00eb se Ahmeti me vite t\u00eb t\u00ebra ka keqp\u00ebrdor popullin dhe e ka vraf\u00ebruar.<\/p>\n\n\n\n<p>\u201cN\u00eb nj\u00eb koh\u00eb kur ambasada amerikane e ka shpallur numrin 2 t\u00eb Ali Ahmetit n\u00eb List\u00ebn e Zez\u00eb si nj\u00eb njeri i p\u00ebrfshir\u00eb n\u00eb afera koruptive, dhe Ahmeti vet p\u00ebr 22 vjet ka keqp\u00ebrdorur popullin duke e varf\u00ebruar e duke pasuruar nipat dhe njer\u00ebzit e tij, dh\u00ebnia e \u00c7elsit t\u00eb Prishtin\u00ebs nga P\u00ebrparim Rama m\u00eb duket nj\u00eb absurditet dhe ofendim sidomos p\u00ebr ne, Shqiptar\u00ebt e Maqedonis\u00eb\u201d, shkruan Taravari.<\/p>\n","protected":false},"excerpt":{"rendered":"<p>Nj&euml;ri nga lider&euml;t e VLEN-it dhe ministri i Sh&euml;ndet&euml;sis&euml;, Arben Taravari thot&euml; se dh&euml;nia e &ldquo;&ccedil;el&euml;sit t&euml; Prishtin&euml;s&rdquo;, liderit t&euml; BDI-s&euml;, Ali Ahmeti &euml;sht&euml; ofendim p&euml;r shqiptar&euml;t e Maqedonis&euml; Taravari thot&euml; se Ahmeti me vite t&euml; t&euml;ra ka keqp&euml;rdor popullin dhe e ka vraf&euml;ruar. &ldquo;N&euml; nj&euml; koh&euml; kur ambasada amerikane e ka shpallur numrin 2 [&hellip;]<\/p>\n","protected":false},"author":2,"featured_media":38972,"comment_status":"open","ping_status":"closed","sticky":false,"template":"","format":"standard","meta":{"_monsterinsights_skip_tracking":false,"_monsterinsights_sitenote_active":false,"_monsterinsights_sitenote_note":"","_monsterinsights_sitenote_category":0,"footnotes":""},"categories":[1],"tags":[],"class_list":["post-38971","post","type-post","status-publish","format-standard","has-post-thumbnail","hentry","category-vendi"],"_links":{"self":[{"href":"https:\/\/radiojehona.mk\/index.php?rest_route=\/wp\/v2\/posts\/38971","targetHints":{"allow":["GET"]}}],"collection":[{"href":"https:\/\/radiojehona.mk\/index.php?rest_route=\/wp\/v2\/posts"}],"about":[{"href":"https:\/\/radiojehona.mk\/index.php?rest_route=\/wp\/v2\/types\/post"}],"author":[{"embeddable":true,"href":"https:\/\/radiojehona.mk\/index.php?rest_route=\/wp\/v2\/users\/2"}],"replies":[{"embeddable":true,"href":"https:\/\/radiojehona.mk\/index.php?rest_route=%2Fwp%2Fv2%2Fcomments&post=38971"}],"version-history":[{"count":2,"href":"https:\/\/radiojehona.mk\/index.php?rest_route=\/wp\/v2\/posts\/38971\/revisions"}],"predecessor-version":[{"id":38974,"href":"https:\/\/radiojehona.mk\/index.php?rest_route=\/wp\/v2\/posts\/38971\/revisions\/38974"}],"wp:featuredmedia":[{"embeddable":true,"href":"https:\/\/radiojehona.mk\/index.php?rest_route=\/wp\/v2\/media\/38972"}],"wp:attachment":[{"href":"https:\/\/radiojehona.mk\/index.php?rest_route=%2Fwp%2Fv2%2Fmedia&parent=38971"}],"wp:term":[{"taxonomy":"category","embeddable":true,"href":"https:\/\/radiojehona.mk\/index.php?rest_route=%2Fwp%2Fv2%2Fcategories&post=38971"},{"taxonomy":"post_tag","embeddable":true,"href":"https:\/\/radiojehona.mk\/index.php?rest_route=%2Fwp%2Fv2%2Ftags&post=38971"}],"curies":[{"name":"wp","href":"https:\/\/api.w.org\/{rel}","templated":true}]}}