{"id":38966,"date":"2024-12-18T12:57:54","date_gmt":"2024-12-18T12:57:54","guid":{"rendered":"https:\/\/radiojehona.com\/?p=38966"},"modified":"2024-12-18T12:57:54","modified_gmt":"2024-12-18T12:57:54","slug":"punonjesit-e-spitalit-kozle-leter-te-hapur-mickoskit-dhe-taravarit-spitali-po-shkaterrohet","status":"publish","type":"post","link":"https:\/\/radiojehona.mk\/?p=38966","title":{"rendered":"Punonj\u00ebsit e spitalit \u201cKozle\u201d let\u00ebr t\u00eb hapur Mickoskit dhe Taravarit: Spitali po shkat\u00ebrrohet"},"content":{"rendered":"\n<figure class=\"wp-block-image size-large\"><img fetchpriority=\"high\" decoding=\"async\" width=\"1024\" height=\"619\" src=\"https:\/\/radiojehona.com\/wp-content\/uploads\/2024\/12\/IMG_9917-1024x619.jpeg\" alt=\"\" class=\"wp-image-38967\" srcset=\"https:\/\/radiojehona.mk\/wp-content\/uploads\/2024\/12\/IMG_9917-1024x619.jpeg 1024w, https:\/\/radiojehona.mk\/wp-content\/uploads\/2024\/12\/IMG_9917-300x181.jpeg 300w, https:\/\/radiojehona.mk\/wp-content\/uploads\/2024\/12\/IMG_9917-768x464.jpeg 768w, https:\/\/radiojehona.mk\/wp-content\/uploads\/2024\/12\/IMG_9917.jpeg 1125w\" sizes=\"(max-width: 1024px) 100vw, 1024px\" \/><\/figure>\n\n\n\n<p><strong>Nj\u00eb pjes\u00eb e personelit mjek\u00ebsor n\u00eb spitalin p\u00ebr f\u00ebmij\u00eb \u201cKozle\u201d i \u00ebsht\u00eb drejtuar me let\u00ebr t\u00eb hapur kryeministrit Hristijan Mickoski dhe ministrit t\u00eb Sh\u00ebndet\u00ebsis\u00eb, Arben Taravari, p\u00ebrcjell TV21. Personeli mjek\u00ebsor thot\u00eb se drejtoresha Karolina Simonovska me veprimet e saj po e shkat\u00ebrron k\u00ebt\u00eb spital, gjegj\u00ebsisht ankohen p\u00ebr, si\u00e7 thon\u00eb, shkat\u00ebrrimin e kabinetit t\u00eb bronheoskopis\u00eb, ku pas mosmarr\u00ebveshjeve, ka pasur nj\u00eb s\u00ebr\u00eb dor\u00ebheqjesh dhe largime nga puna t\u00eb personelit profesionist.<\/strong><\/p>\n\n\n\n<p>\u201cMe k\u00ebt\u00eb menaxhim, drejtoresha ka arritur q\u00eb nga 67 bronheoskopi t\u00eb kryera n\u00eb vitin 2023, dhe prej 40 bronheoskopive nga janari deri n\u00eb qershor t\u00eb vitit 2024, n\u00eb periudh\u00ebn pas em\u00ebrimit t\u00eb saj, numri i bronheoskopive t\u00eb bie n\u00eb 3\u201d, thuhet mes tjerash n\u00eb letr\u00ebn e personelit drejtuar kryeministrit dhe ministrit.<\/p>\n\n\n\n<figure class=\"wp-block-image size-large\"><img decoding=\"async\" width=\"677\" height=\"1024\" src=\"https:\/\/radiojehona.com\/wp-content\/uploads\/2024\/12\/IMG_9918-677x1024.jpeg\" alt=\"\" class=\"wp-image-38968\" srcset=\"https:\/\/radiojehona.mk\/wp-content\/uploads\/2024\/12\/IMG_9918-677x1024.jpeg 677w, https:\/\/radiojehona.mk\/wp-content\/uploads\/2024\/12\/IMG_9918-198x300.jpeg 198w, https:\/\/radiojehona.mk\/wp-content\/uploads\/2024\/12\/IMG_9918-768x1162.jpeg 768w, https:\/\/radiojehona.mk\/wp-content\/uploads\/2024\/12\/IMG_9918-1015x1536.jpeg 1015w, https:\/\/radiojehona.mk\/wp-content\/uploads\/2024\/12\/IMG_9918.jpeg 1125w\" sizes=\"(max-width: 677px) 100vw, 677px\" \/><\/figure>\n","protected":false},"excerpt":{"rendered":"<p>Nj&euml; pjes&euml; e personelit mjek&euml;sor n&euml; spitalin p&euml;r f&euml;mij&euml; &ldquo;Kozle&rdquo; i &euml;sht&euml; drejtuar me let&euml;r t&euml; hapur kryeministrit Hristijan Mickoski dhe ministrit t&euml; Sh&euml;ndet&euml;sis&euml;, Arben Taravari, p&euml;rcjell TV21. Personeli mjek&euml;sor thot&euml; se drejtoresha Karolina Simonovska me veprimet e saj po e shkat&euml;rron k&euml;t&euml; spital, gjegj&euml;sisht ankohen p&euml;r, si&ccedil; thon&euml;, shkat&euml;rrimin e kabinetit t&euml; bronheoskopis&euml;, ku [&hellip;]<\/p>\n","protected":false},"author":2,"featured_media":38967,"comment_status":"open","ping_status":"closed","sticky":false,"template":"","format":"standard","meta":{"_monsterinsights_skip_tracking":false,"_monsterinsights_sitenote_active":false,"_monsterinsights_sitenote_note":"","_monsterinsights_sitenote_category":0,"footnotes":""},"categories":[1],"tags":[],"class_list":["post-38966","post","type-post","status-publish","format-standard","has-post-thumbnail","hentry","category-vendi"],"_links":{"self":[{"href":"https:\/\/radiojehona.mk\/index.php?rest_route=\/wp\/v2\/posts\/38966","targetHints":{"allow":["GET"]}}],"collection":[{"href":"https:\/\/radiojehona.mk\/index.php?rest_route=\/wp\/v2\/posts"}],"about":[{"href":"https:\/\/radiojehona.mk\/index.php?rest_route=\/wp\/v2\/types\/post"}],"author":[{"embeddable":true,"href":"https:\/\/radiojehona.mk\/index.php?rest_route=\/wp\/v2\/users\/2"}],"replies":[{"embeddable":true,"href":"https:\/\/radiojehona.mk\/index.php?rest_route=%2Fwp%2Fv2%2Fcomments&post=38966"}],"version-history":[{"count":2,"href":"https:\/\/radiojehona.mk\/index.php?rest_route=\/wp\/v2\/posts\/38966\/revisions"}],"predecessor-version":[{"id":38970,"href":"https:\/\/radiojehona.mk\/index.php?rest_route=\/wp\/v2\/posts\/38966\/revisions\/38970"}],"wp:featuredmedia":[{"embeddable":true,"href":"https:\/\/radiojehona.mk\/index.php?rest_route=\/wp\/v2\/media\/38967"}],"wp:attachment":[{"href":"https:\/\/radiojehona.mk\/index.php?rest_route=%2Fwp%2Fv2%2Fmedia&parent=38966"}],"wp:term":[{"taxonomy":"category","embeddable":true,"href":"https:\/\/radiojehona.mk\/index.php?rest_route=%2Fwp%2Fv2%2Fcategories&post=38966"},{"taxonomy":"post_tag","embeddable":true,"href":"https:\/\/radiojehona.mk\/index.php?rest_route=%2Fwp%2Fv2%2Ftags&post=38966"}],"curies":[{"name":"wp","href":"https:\/\/api.w.org\/{rel}","templated":true}]}}