{"id":38963,"date":"2024-12-18T12:55:40","date_gmt":"2024-12-18T12:55:40","guid":{"rendered":"https:\/\/radiojehona.com\/?p=38963"},"modified":"2024-12-18T12:55:41","modified_gmt":"2024-12-18T12:55:41","slug":"hetim-per-tentim-vrasje-ne-mirkovc","status":"publish","type":"post","link":"https:\/\/radiojehona.mk\/?p=38963","title":{"rendered":"Hetim p\u00ebr tentim vrasje n\u00eb Mirkovc"},"content":{"rendered":"\n<figure class=\"wp-block-image size-large\"><img fetchpriority=\"high\" decoding=\"async\" width=\"1024\" height=\"672\" src=\"https:\/\/radiojehona.com\/wp-content\/uploads\/2024\/12\/IMG_9916-1024x672.jpeg\" alt=\"\" class=\"wp-image-38964\" srcset=\"https:\/\/radiojehona.mk\/wp-content\/uploads\/2024\/12\/IMG_9916-1024x672.jpeg 1024w, https:\/\/radiojehona.mk\/wp-content\/uploads\/2024\/12\/IMG_9916-300x197.jpeg 300w, https:\/\/radiojehona.mk\/wp-content\/uploads\/2024\/12\/IMG_9916-768x504.jpeg 768w, https:\/\/radiojehona.mk\/wp-content\/uploads\/2024\/12\/IMG_9916.jpeg 1125w\" sizes=\"(max-width: 1024px) 100vw, 1024px\" \/><\/figure>\n\n\n\n<p>Prokuroria Themelore Publike Shkup ka nxjerr\u00eb Urdh\u00ebr p\u00ebr zhvillimin e procedur\u00ebs hetimore kund\u00ebr nj\u00eb personi p\u00ebr vrasje n\u00eb tentativ\u00eb dhe kund\u00ebr nj\u00eb personi tjet\u00ebr p\u00ebr dh\u00ebnien e ndihm\u00ebs n\u00eb kryerjen e vepr\u00ebs penale.<br>Ngjarja ka ndodhur m\u00eb 10 dhjetor n\u00eb fshatin Mirkovc, ku i dyshuari 37-vje\u00e7ar ka tentuar t\u2019i marr\u00eb jet\u00ebn nj\u00eb personi p\u00ebr shkak t\u00eb padurimit t\u00eb m\u00ebparsh\u00ebm dhe marr\u00ebdh\u00ebnie t\u00eb pazgjidhura p\u00ebr borxh. I dyshuari ka gjuajtur me nj\u00eb plumb n\u00eb drejtim t\u00eb viktim\u00ebs, por nuk ka arritur ta q\u00eblloj\u00eb at\u00eb. Gjykata Themelore Penale Shkup i ka caktuar mas\u00ebn e paraburgimit prej 30 dit\u00ebsh.<\/p>\n\n\n\n<p>\u201cM\u00eb 10 dhjetor, n\u00eb fshatin Mirkovc, tashm\u00eb i dyshuari 37-vje\u00e7ar me dashje ka tentuar t\u2019i marr\u00eb jet\u00ebn nj\u00eb personi, dhe motivi i tij ka qen\u00eb padurimi i m\u00ebparsh\u00ebm i nd\u00ebrsjell\u00eb p\u00ebr shkak t\u00eb marr\u00ebdh\u00ebnieve t\u00eb pazgjidhura p\u00ebr borxh. Ai ka shkuar n\u00eb sht\u00ebpin\u00eb e viktim\u00ebs, ku para der\u00ebs ka nxjerr\u00eb nj\u00eb arm\u00eb zjarri \u2013 pushk\u00eb dhe ka gjuajtur nj\u00eb plumb n\u00eb drejtim t\u00eb viktim\u00ebs, por nuk ka arritur ta q\u00eblloj\u00eb at\u00eb. Plumbi ka p\u00ebrfunduar n\u00eb murin ngjitur me korniz\u00ebn e der\u00ebs s\u00eb hyrjes, n\u00eb pjes\u00ebn e ep\u00ebrme t\u00eb gjoksit t\u00eb viktim\u00ebs, i cili menj\u00ebher\u00eb kur ka v\u00ebrejtur arm\u00ebn \u00ebsht\u00eb t\u00ebrhequr brenda sht\u00ebpis\u00eb dhe ka mbyllur der\u00ebn e hyrjes, e cila mbyllet automatikisht. I dyshuari ka filluar t\u00eb trokas\u00eb dhe shkelmoj\u00eb der\u00ebn e mbyllur t\u00eb hyrjes dhe pasi nuk ka arritur t\u00eb hyj\u00eb n\u00eb sht\u00ebpi \u00ebsht\u00eb larguar me vrap nga vendi s\u00eb bashku me personin q\u00eb dyshohet se e ka ndihmuar p\u00ebr t\u00eb shmangur zbulimin pas kryerjes s\u00eb krimit\u201d, thuhet n\u00eb kumtes\u00ebn e Prokuroris\u00eb.<\/p>\n\n\n\n<p>Ata shtojn\u00eb se prokurori publik, duke vler\u00ebsuar se jan\u00eb plot\u00ebsuar bazat ligjore, ka propozuar q\u00eb autorit t\u00eb dyshuar t\u00eb vrasjes n\u00eb tentativ\u00eb t\u2019i caktohet masa e paraburgimit. Me vendim, Gjykata Themelore Penale Shkup caktoi mas\u00ebn e k\u00ebrkuar t\u00eb paraburgimit n\u00eb koh\u00ebzgjatje prej 30 dit\u00ebsh.<br><br><\/p>\n\n\n\n<p><\/p>\n","protected":false},"excerpt":{"rendered":"<p>Prokuroria Themelore Publike Shkup ka nxjerr&euml; Urdh&euml;r p&euml;r zhvillimin e procedur&euml;s hetimore kund&euml;r nj&euml; personi p&euml;r vrasje n&euml; tentativ&euml; dhe kund&euml;r nj&euml; personi tjet&euml;r p&euml;r dh&euml;nien e ndihm&euml;s n&euml; kryerjen e vepr&euml;s penale.Ngjarja ka ndodhur m&euml; 10 dhjetor n&euml; fshatin Mirkovc, ku i dyshuari 37-vje&ccedil;ar ka tentuar t&rsquo;i marr&euml; jet&euml;n nj&euml; personi p&euml;r shkak t&euml; [&hellip;]<\/p>\n","protected":false},"author":2,"featured_media":38964,"comment_status":"open","ping_status":"closed","sticky":false,"template":"","format":"standard","meta":{"_monsterinsights_skip_tracking":false,"_monsterinsights_sitenote_active":false,"_monsterinsights_sitenote_note":"","_monsterinsights_sitenote_category":0,"footnotes":""},"categories":[1],"tags":[],"class_list":["post-38963","post","type-post","status-publish","format-standard","has-post-thumbnail","hentry","category-vendi"],"_links":{"self":[{"href":"https:\/\/radiojehona.mk\/index.php?rest_route=\/wp\/v2\/posts\/38963","targetHints":{"allow":["GET"]}}],"collection":[{"href":"https:\/\/radiojehona.mk\/index.php?rest_route=\/wp\/v2\/posts"}],"about":[{"href":"https:\/\/radiojehona.mk\/index.php?rest_route=\/wp\/v2\/types\/post"}],"author":[{"embeddable":true,"href":"https:\/\/radiojehona.mk\/index.php?rest_route=\/wp\/v2\/users\/2"}],"replies":[{"embeddable":true,"href":"https:\/\/radiojehona.mk\/index.php?rest_route=%2Fwp%2Fv2%2Fcomments&post=38963"}],"version-history":[{"count":1,"href":"https:\/\/radiojehona.mk\/index.php?rest_route=\/wp\/v2\/posts\/38963\/revisions"}],"predecessor-version":[{"id":38965,"href":"https:\/\/radiojehona.mk\/index.php?rest_route=\/wp\/v2\/posts\/38963\/revisions\/38965"}],"wp:featuredmedia":[{"embeddable":true,"href":"https:\/\/radiojehona.mk\/index.php?rest_route=\/wp\/v2\/media\/38964"}],"wp:attachment":[{"href":"https:\/\/radiojehona.mk\/index.php?rest_route=%2Fwp%2Fv2%2Fmedia&parent=38963"}],"wp:term":[{"taxonomy":"category","embeddable":true,"href":"https:\/\/radiojehona.mk\/index.php?rest_route=%2Fwp%2Fv2%2Fcategories&post=38963"},{"taxonomy":"post_tag","embeddable":true,"href":"https:\/\/radiojehona.mk\/index.php?rest_route=%2Fwp%2Fv2%2Ftags&post=38963"}],"curies":[{"name":"wp","href":"https:\/\/api.w.org\/{rel}","templated":true}]}}