{"id":38959,"date":"2024-12-18T12:53:57","date_gmt":"2024-12-18T12:53:57","guid":{"rendered":"https:\/\/radiojehona.com\/?p=38959"},"modified":"2024-12-18T12:53:57","modified_gmt":"2024-12-18T12:53:57","slug":"drejtoria-e-doganave-ne-aksion-kapen-shitesit-ilegal-te-duhanit-ne-maqedoni","status":"publish","type":"post","link":"https:\/\/radiojehona.mk\/?p=38959","title":{"rendered":"Drejtoria e Doganave n\u00eb aksion, kapen shit\u00ebsit ilegal t\u00eb duhanit n\u00eb Maqedoni"},"content":{"rendered":"\n<figure class=\"wp-block-image size-large\"><img fetchpriority=\"high\" decoding=\"async\" width=\"1024\" height=\"619\" src=\"https:\/\/radiojehona.com\/wp-content\/uploads\/2024\/12\/IMG_9915-1024x619.jpeg\" alt=\"\" class=\"wp-image-38960\" srcset=\"https:\/\/radiojehona.mk\/wp-content\/uploads\/2024\/12\/IMG_9915-1024x619.jpeg 1024w, https:\/\/radiojehona.mk\/wp-content\/uploads\/2024\/12\/IMG_9915-300x181.jpeg 300w, https:\/\/radiojehona.mk\/wp-content\/uploads\/2024\/12\/IMG_9915-768x464.jpeg 768w, https:\/\/radiojehona.mk\/wp-content\/uploads\/2024\/12\/IMG_9915.jpeg 1125w\" sizes=\"(max-width: 1024px) 100vw, 1024px\" \/><\/figure>\n\n\n\n<p><strong>Nga Drejtoria e Doganave njoftojn\u00eb se nga aksioni n\u00eb rajonin e Manastirit dhe Resnjes jan\u00eb sekuestruar 780 kilogram\u00eb duhan i prer\u00eb, p\u00ebrcjell TV21. Sipas njoftimit t\u00eb Doganave, duhani kap vler\u00ebn e 3,4 milion\u00eb denar\u00ebve, nd\u00ebrsa sipas njoftimit, buxheti i shtetit \u00ebsht\u00eb d\u00ebmtuar p\u00ebr 2,8 milion\u00eb denar\u00eb.<\/strong><\/p>\n\n\n\n<p>\u201cN\u00eb aksion u kryen kontrolle n\u00eb sht\u00ebpi dhe hap\u00ebsira ndihm\u00ebse, nd\u00ebrsa kontrolle jan\u00eb kryer edhe n\u00eb tregjet e qyteteve. Ndaj autor\u00ebve do t\u00eb ket\u00eb p\u00ebrgjegj\u00ebsi penale, nd\u00ebrsa ndaj nj\u00eb personi do t\u00eb parashtrohet kall\u00ebzim p\u00ebr kund\u00ebrvajtje\u201d, thon\u00eb nga Doganat.<\/p>\n","protected":false},"excerpt":{"rendered":"<p>Nga Drejtoria e Doganave njoftojn&euml; se nga aksioni n&euml; rajonin e Manastirit dhe Resnjes jan&euml; sekuestruar 780 kilogram&euml; duhan i prer&euml;, p&euml;rcjell TV21. Sipas njoftimit t&euml; Doganave, duhani kap vler&euml;n e 3,4 milion&euml; denar&euml;ve, nd&euml;rsa sipas njoftimit, buxheti i shtetit &euml;sht&euml; d&euml;mtuar p&euml;r 2,8 milion&euml; denar&euml;. &ldquo;N&euml; aksion u kryen kontrolle n&euml; sht&euml;pi dhe hap&euml;sira [&hellip;]<\/p>\n","protected":false},"author":2,"featured_media":38960,"comment_status":"open","ping_status":"closed","sticky":false,"template":"","format":"standard","meta":{"_monsterinsights_skip_tracking":false,"_monsterinsights_sitenote_active":false,"_monsterinsights_sitenote_note":"","_monsterinsights_sitenote_category":0,"footnotes":""},"categories":[1],"tags":[],"class_list":["post-38959","post","type-post","status-publish","format-standard","has-post-thumbnail","hentry","category-vendi"],"_links":{"self":[{"href":"https:\/\/radiojehona.mk\/index.php?rest_route=\/wp\/v2\/posts\/38959","targetHints":{"allow":["GET"]}}],"collection":[{"href":"https:\/\/radiojehona.mk\/index.php?rest_route=\/wp\/v2\/posts"}],"about":[{"href":"https:\/\/radiojehona.mk\/index.php?rest_route=\/wp\/v2\/types\/post"}],"author":[{"embeddable":true,"href":"https:\/\/radiojehona.mk\/index.php?rest_route=\/wp\/v2\/users\/2"}],"replies":[{"embeddable":true,"href":"https:\/\/radiojehona.mk\/index.php?rest_route=%2Fwp%2Fv2%2Fcomments&post=38959"}],"version-history":[{"count":2,"href":"https:\/\/radiojehona.mk\/index.php?rest_route=\/wp\/v2\/posts\/38959\/revisions"}],"predecessor-version":[{"id":38962,"href":"https:\/\/radiojehona.mk\/index.php?rest_route=\/wp\/v2\/posts\/38959\/revisions\/38962"}],"wp:featuredmedia":[{"embeddable":true,"href":"https:\/\/radiojehona.mk\/index.php?rest_route=\/wp\/v2\/media\/38960"}],"wp:attachment":[{"href":"https:\/\/radiojehona.mk\/index.php?rest_route=%2Fwp%2Fv2%2Fmedia&parent=38959"}],"wp:term":[{"taxonomy":"category","embeddable":true,"href":"https:\/\/radiojehona.mk\/index.php?rest_route=%2Fwp%2Fv2%2Fcategories&post=38959"},{"taxonomy":"post_tag","embeddable":true,"href":"https:\/\/radiojehona.mk\/index.php?rest_route=%2Fwp%2Fv2%2Ftags&post=38959"}],"curies":[{"name":"wp","href":"https:\/\/api.w.org\/{rel}","templated":true}]}}