{"id":38955,"date":"2024-12-18T12:52:40","date_gmt":"2024-12-18T12:52:40","guid":{"rendered":"https:\/\/radiojehona.com\/?p=38955"},"modified":"2024-12-18T12:52:40","modified_gmt":"2024-12-18T12:52:40","slug":"kryeparlamentari-gashi-takohet-me-kryetaren-e-asamblese-nacionale-te-frances","status":"publish","type":"post","link":"https:\/\/radiojehona.mk\/?p=38955","title":{"rendered":"Kryeparlamentari Gashi takohet me Kryetaren e Asambles\u00eb Nacionale t\u00eb Franc\u00ebs"},"content":{"rendered":"\n<figure class=\"wp-block-image size-large\"><img fetchpriority=\"high\" decoding=\"async\" width=\"1024\" height=\"583\" src=\"https:\/\/radiojehona.com\/wp-content\/uploads\/2024\/12\/IMG_9914-1024x583.jpeg\" alt=\"\" class=\"wp-image-38956\" srcset=\"https:\/\/radiojehona.mk\/wp-content\/uploads\/2024\/12\/IMG_9914-1024x583.jpeg 1024w, https:\/\/radiojehona.mk\/wp-content\/uploads\/2024\/12\/IMG_9914-300x171.jpeg 300w, https:\/\/radiojehona.mk\/wp-content\/uploads\/2024\/12\/IMG_9914-768x437.jpeg 768w, https:\/\/radiojehona.mk\/wp-content\/uploads\/2024\/12\/IMG_9914.jpeg 1125w\" sizes=\"(max-width: 1024px) 100vw, 1024px\" \/><\/figure>\n\n\n\n<p>Kryetari i Kuvendit, Afrim Gashi sot \u00ebsht\u00eb takuar me Kryetaren e Asambles\u00eb Nacionale t\u00eb Franc\u00ebs, znj. Jael Braun-Pive.<br>N\u00eb k\u00ebt\u00eb takim, jan\u00eb konfirmuar marr\u00ebdh\u00ebniet bilaterale mes RMV-s\u00eb dhe Franc\u00ebs.<\/p>\n","protected":false},"excerpt":{"rendered":"<p>Kryetari i Kuvendit, Afrim Gashi sot &euml;sht&euml; takuar me Kryetaren e Asambles&euml; Nacionale t&euml; Franc&euml;s, znj. Jael Braun-Pive.N&euml; k&euml;t&euml; takim, jan&euml; konfirmuar marr&euml;dh&euml;niet bilaterale mes RMV-s&euml; dhe Franc&euml;s.<\/p>\n","protected":false},"author":2,"featured_media":38956,"comment_status":"open","ping_status":"closed","sticky":false,"template":"","format":"standard","meta":{"_monsterinsights_skip_tracking":false,"_monsterinsights_sitenote_active":false,"_monsterinsights_sitenote_note":"","_monsterinsights_sitenote_category":0,"footnotes":""},"categories":[1],"tags":[],"class_list":["post-38955","post","type-post","status-publish","format-standard","has-post-thumbnail","hentry","category-vendi"],"_links":{"self":[{"href":"https:\/\/radiojehona.mk\/index.php?rest_route=\/wp\/v2\/posts\/38955","targetHints":{"allow":["GET"]}}],"collection":[{"href":"https:\/\/radiojehona.mk\/index.php?rest_route=\/wp\/v2\/posts"}],"about":[{"href":"https:\/\/radiojehona.mk\/index.php?rest_route=\/wp\/v2\/types\/post"}],"author":[{"embeddable":true,"href":"https:\/\/radiojehona.mk\/index.php?rest_route=\/wp\/v2\/users\/2"}],"replies":[{"embeddable":true,"href":"https:\/\/radiojehona.mk\/index.php?rest_route=%2Fwp%2Fv2%2Fcomments&post=38955"}],"version-history":[{"count":2,"href":"https:\/\/radiojehona.mk\/index.php?rest_route=\/wp\/v2\/posts\/38955\/revisions"}],"predecessor-version":[{"id":38958,"href":"https:\/\/radiojehona.mk\/index.php?rest_route=\/wp\/v2\/posts\/38955\/revisions\/38958"}],"wp:featuredmedia":[{"embeddable":true,"href":"https:\/\/radiojehona.mk\/index.php?rest_route=\/wp\/v2\/media\/38956"}],"wp:attachment":[{"href":"https:\/\/radiojehona.mk\/index.php?rest_route=%2Fwp%2Fv2%2Fmedia&parent=38955"}],"wp:term":[{"taxonomy":"category","embeddable":true,"href":"https:\/\/radiojehona.mk\/index.php?rest_route=%2Fwp%2Fv2%2Fcategories&post=38955"},{"taxonomy":"post_tag","embeddable":true,"href":"https:\/\/radiojehona.mk\/index.php?rest_route=%2Fwp%2Fv2%2Ftags&post=38955"}],"curies":[{"name":"wp","href":"https:\/\/api.w.org\/{rel}","templated":true}]}}