{"id":38950,"date":"2024-12-18T12:50:44","date_gmt":"2024-12-18T12:50:44","guid":{"rendered":"https:\/\/radiojehona.com\/?p=38950"},"modified":"2024-12-18T12:50:45","modified_gmt":"2024-12-18T12:50:45","slug":"thirret-ne-stacionin-e-policise-ne-karposh-pronari-i-vetures-me-te-cilen-grubi-u-largua-nga-maqedonia","status":"publish","type":"post","link":"https:\/\/radiojehona.mk\/?p=38950","title":{"rendered":"Thirret n\u00eb Stacionin e Policis\u00eb n\u00eb Karposh pronari i vetur\u00ebs me t\u00eb cil\u00ebn Grubi u largua nga Maqedonia"},"content":{"rendered":"\n<figure class=\"wp-block-image size-large\"><img fetchpriority=\"high\" decoding=\"async\" width=\"1024\" height=\"604\" src=\"https:\/\/radiojehona.com\/wp-content\/uploads\/2024\/12\/IMG_9913-1024x604.jpeg\" alt=\"\" class=\"wp-image-38951\" srcset=\"https:\/\/radiojehona.mk\/wp-content\/uploads\/2024\/12\/IMG_9913-1024x604.jpeg 1024w, https:\/\/radiojehona.mk\/wp-content\/uploads\/2024\/12\/IMG_9913-300x177.jpeg 300w, https:\/\/radiojehona.mk\/wp-content\/uploads\/2024\/12\/IMG_9913-768x453.jpeg 768w, https:\/\/radiojehona.mk\/wp-content\/uploads\/2024\/12\/IMG_9913.jpeg 1125w\" sizes=\"(max-width: 1024px) 100vw, 1024px\" \/><\/figure>\n\n\n\n<p>Nj\u00eb person paraditen e sotme \u00ebsht\u00eb mbajtur n\u00eb stacionin e Policis\u00eb n\u00eb Karposht, ku po zhvillohet bised\u00eb informative, njoftojn\u00eb burime t\u00eb TV21 n\u00eb MPB. B\u00ebhet fjal\u00eb p\u00ebr pronarin e vetur\u00ebs diplomatike me t\u00eb cil\u00ebn Artan Grubi l\u00ebshoi Maqedonin\u00eb e Veriut. Sipas burimeve t\u00eb redaksis\u00eb son\u00eb, n\u00eb momentin kur Grubi e ka l\u00ebshuar shtetin, me shum\u00eb gjasa nuk kan\u00eb qen\u00eb t\u00eb aktivizuara masat p\u00ebr ndalim t\u00eb l\u00ebshimit t\u00eb shtetit, as nuk ka pasur urdh\u00ebr \u201cSTOP\u201d. Ndryshe, sot MPB ka shpallur fletarrestimet nd\u00ebrkomb\u00ebtare p\u00ebr Artan Grubin dhe P\u00ebrparim Bajramin.<\/p>\n","protected":false},"excerpt":{"rendered":"<p>Nj&euml; person paraditen e sotme &euml;sht&euml; mbajtur n&euml; stacionin e Policis&euml; n&euml; Karposht, ku po zhvillohet bised&euml; informative, njoftojn&euml; burime t&euml; TV21 n&euml; MPB. B&euml;het fjal&euml; p&euml;r pronarin e vetur&euml;s diplomatike me t&euml; cil&euml;n Artan Grubi l&euml;shoi Maqedonin&euml; e Veriut. Sipas burimeve t&euml; redaksis&euml; son&euml;, n&euml; momentin kur Grubi e ka l&euml;shuar shtetin, me shum&euml; [&hellip;]<\/p>\n","protected":false},"author":2,"featured_media":38951,"comment_status":"open","ping_status":"closed","sticky":false,"template":"","format":"standard","meta":{"_monsterinsights_skip_tracking":false,"_monsterinsights_sitenote_active":false,"_monsterinsights_sitenote_note":"","_monsterinsights_sitenote_category":0,"footnotes":""},"categories":[1],"tags":[],"class_list":["post-38950","post","type-post","status-publish","format-standard","has-post-thumbnail","hentry","category-vendi"],"_links":{"self":[{"href":"https:\/\/radiojehona.mk\/index.php?rest_route=\/wp\/v2\/posts\/38950","targetHints":{"allow":["GET"]}}],"collection":[{"href":"https:\/\/radiojehona.mk\/index.php?rest_route=\/wp\/v2\/posts"}],"about":[{"href":"https:\/\/radiojehona.mk\/index.php?rest_route=\/wp\/v2\/types\/post"}],"author":[{"embeddable":true,"href":"https:\/\/radiojehona.mk\/index.php?rest_route=\/wp\/v2\/users\/2"}],"replies":[{"embeddable":true,"href":"https:\/\/radiojehona.mk\/index.php?rest_route=%2Fwp%2Fv2%2Fcomments&post=38950"}],"version-history":[{"count":2,"href":"https:\/\/radiojehona.mk\/index.php?rest_route=\/wp\/v2\/posts\/38950\/revisions"}],"predecessor-version":[{"id":38953,"href":"https:\/\/radiojehona.mk\/index.php?rest_route=\/wp\/v2\/posts\/38950\/revisions\/38953"}],"wp:featuredmedia":[{"embeddable":true,"href":"https:\/\/radiojehona.mk\/index.php?rest_route=\/wp\/v2\/media\/38951"}],"wp:attachment":[{"href":"https:\/\/radiojehona.mk\/index.php?rest_route=%2Fwp%2Fv2%2Fmedia&parent=38950"}],"wp:term":[{"taxonomy":"category","embeddable":true,"href":"https:\/\/radiojehona.mk\/index.php?rest_route=%2Fwp%2Fv2%2Fcategories&post=38950"},{"taxonomy":"post_tag","embeddable":true,"href":"https:\/\/radiojehona.mk\/index.php?rest_route=%2Fwp%2Fv2%2Ftags&post=38950"}],"curies":[{"name":"wp","href":"https:\/\/api.w.org\/{rel}","templated":true}]}}